[{"@context":"https:\/\/schema.org\/","@type":"Article","@id":"https:\/\/www.asimos.cz\/jaro-je-spravny-cas-na-zmeny\/#Article","mainEntityOfPage":"https:\/\/www.asimos.cz\/jaro-je-spravny-cas-na-zmeny\/","headline":"Jaro je spr\u00e1vn\u00fd \u010das na zm\u011bny","name":"Jaro je spr\u00e1vn\u00fd \u010das na zm\u011bny","description":"Opatrn\u00fd postoj ke v\u0161em zm\u011bn\u00e1m je vlastn\u011b zcela p\u0159irozen\u00fd. Strach z\u00a0nezn\u00e1m\u00e9ho m\u011bl toti\u017e \u010dlov\u011bk ji\u017e od prad\u00e1vna. Pro prvn\u00edho \u010dlov\u011bka znamenaly zm\u011bny mnoho. Objevy i p\u0159evratn\u00e1 rozhodnut\u00ed. Strach z\u00a0toho, co se stane, kdy\u017e ochutn\u00e1 ko\u0159\u00ednek rostliny nebo plod stromu. Lehk\u00fdmi &hellip; ","datePublished":"2025-02-25","dateModified":"2025-02-25","author":{"@type":"Person","@id":"https:\/\/www.asimos.cz\/author\/devene\/#Person","name":"devene","url":"https:\/\/www.asimos.cz\/author\/devene\/","identifier":1,"image":{"@type":"ImageObject","@id":"https:\/\/secure.gravatar.com\/avatar\/e746f9a3ec3ffe02f5df809714d800d50faf9f4f5ba0a7962a5d8229603fd33b?s=96&d=mm&r=g","url":"https:\/\/secure.gravatar.com\/avatar\/e746f9a3ec3ffe02f5df809714d800d50faf9f4f5ba0a7962a5d8229603fd33b?s=96&d=mm&r=g","height":96,"width":96}},"publisher":{"@type":"Organization","name":"asimos.cz","logo":{"@type":"ImageObject","@id":"\/logo.png","url":"\/logo.png","width":600,"height":60}},"image":{"@type":"ImageObject","@id":"https:\/\/www.asimos.cz\/wp-content\/uploads\/img_a339548_w1935_t1552748033.jpg","url":"https:\/\/www.asimos.cz\/wp-content\/uploads\/img_a339548_w1935_t1552748033.jpg","height":0,"width":0},"url":"https:\/\/www.asimos.cz\/jaro-je-spravny-cas-na-zmeny\/","wordCount":536,"articleBody":"Opatrn\u00fd postoj ke v\u0161em zm\u011bn\u00e1m je vlastn\u011b zcela p\u0159irozen\u00fd. Strach z\u00a0nezn\u00e1m\u00e9ho m\u011bl toti\u017e \u010dlov\u011bk ji\u017e od prad\u00e1vna. Pro prvn\u00edho \u010dlov\u011bka znamenaly zm\u011bny mnoho. Objevy i p\u0159evratn\u00e1 rozhodnut\u00ed. Strach z\u00a0toho, co se stane, kdy\u017e ochutn\u00e1 ko\u0159\u00ednek rostliny nebo plod stromu. Lehk\u00fdmi kroky se vyd\u00e1val vzdorovat nebezpe\u010d\u00ed \u010d\u00edhaj\u00edc\u00ed za velikou horou s\u00a0ostr\u00fdm vrcholem. Dokud ale nevystoupal na vrchol t\u00e9 hory, nemohl v\u011bd\u011bt, co se za n\u00ed skr\u00fdv\u00e1. A\u017e pot\u00e9 zjistil, \u017ee vid\u00ed n\u011bco jin\u00e9ho. Zm\u011bnu.V\u00a0dne\u0161n\u00ed modern\u00ed dob\u011b se zm\u011bny ob\u00e1v\u00e1me st\u00e1le. A\u0165 u\u017e je to nov\u00e1 pr\u00e1ce, nov\u00fd partner a jeho rodina nebo \u017eivotn\u00ed styl \u010di vzhled, v\u0161echno n\u00e1s posouv\u00e1 nekone\u010dn\u00fdm kolob\u011bhem \u017eivota st\u00e1le kup\u0159edu. \u017divot toti\u017e nikdy nez\u016fstane st\u00e1t na jednom m\u00edst\u011b, je t\u0159eba se mu p\u0159izp\u016fsobit. Sta\u010d\u00ed se rozhl\u00e9dnout kolem sebe. V\u0161ude jsou zm\u011bny. Ro\u010dn\u00ed obdob\u00ed se st\u0159\u00edd\u00e1 a m\u011bn\u00ed v\u00a0pravideln\u00fdch intervalech, po noci je zase r\u00e1no, odpo\u010dinkem po nam\u00e1hav\u00e9 pr\u00e1ci nab\u00edr\u00e1me s\u00edly na dal\u0161\u00ed. Odvr\u00e1cenou tv\u00e1\u0159\u00ed toho v\u0161eho je, \u017ee se tak\u00e9 vrac\u00edme ke star\u00fdm zvyk\u016fm, proto\u017ee n\u00e1m d\u00e1vaj\u00ed pocit bezpe\u010d\u00ed a jistoty. Va\u0159en\u00ed a pe\u010den\u00ed podle recept\u016f na\u0161ich babi\u010dek je tradice, m\u00e1lokdo se odhodl\u00e1 vyzkou\u0161et n\u011bco nov\u00e9ho. Inspirativn\u00ed bezstarostn\u00e9 d\u011btstv\u00ed se sna\u017e\u00edme p\u0159en\u00e9st i na na\u0161e d\u011bti, za\u017eit\u00e9 ritu\u00e1ly bychom je r\u00e1di nau\u010dili. P\u0159esto v\u0161ak mus\u00edme myslet na to, \u017ee doba jde st\u00e1le kup\u0159edu a my s\u00a0n\u00ed, ani\u017e bychom si to uv\u011bdomovali.Sebrat odvahu k\u00a0uskute\u010dn\u011bn\u00ed velk\u00e9 zm\u011bny, b\u00fdv\u00e1 n\u011bkdy dost t\u011b\u017ek\u00e9. Nesm\u00edme v\u0161ak setrvat na stejn\u00e9m m\u00edst\u011b. Vst\u0159\u00edc nov\u00e9mu dobrodru\u017estv\u00ed m\u016f\u017eeme p\u0159ece i mimo zajet\u00fd stereotyp. Jaro je za\u010d\u00e1tek n\u011b\u010deho nov\u00e9ho. Nov\u00e9ho \u017eivota, kdy slunce probouz\u00ed ze zimn\u00edho sp\u00e1nku zelen\u00fd koberec na\u0161\u00ed planety. Na n\u011bm se pak objev\u00ed kv\u011btovan\u00fd z\u00e1voj, hraj\u00edc\u00ed v\u0161emi barvami, kter\u00e9 vyjad\u0159uj\u00ed radost. A tu m\u016f\u017eeme m\u00edt i my. Po b\u00edlo\u0161ed\u00fdch zimn\u00edch dnech v\u00a0n\u00e1s m\u016f\u017eeme nastartovat novou osobnost. \u017deny zkou\u0161\u00ed zm\u011bny v\u00a0podob\u011b make-upu v\u00a0jemn\u00fdch pastelov\u00fdch barv\u00e1ch, mu\u017ei zase vyhod\u00ed sv\u00e9 star\u00e9 o\u0161oupan\u00e9 d\u017e\u00edny a koup\u00ed si nov\u00e9. D\u011bti maj\u00ed zm\u011bnu re\u017eimu ve \u0161kolk\u00e1ch, kdy m\u016f\u017eou vesele skota\u010dit venku pod \u0161ir\u00fdm nebem a na \u010derstv\u00e9m vzduchu. Zm\u011bna znamen\u00e1 i to, \u017ee m\u00edsto do sv\u00e9ho obl\u00edben\u00e9ho obchodu, zajdeme nakoupit do jin\u00e9ho, ciz\u00edho. Zm\u011bny se t\u00fdkaj\u00ed snad v\u0161ech a v\u0161ude. Nap\u0159\u00edklad nov\u00fd vztah, svatba a zalo\u017een\u00ed rodiny, pr\u00e1ce, d\u016fchod, st\u00e1\u0159\u00ed. Zd\u00e1 se to monot\u00f3nn\u00ed, av\u0161ak po celou tu dobu \u017eivot p\u0159inese mnoho zm\u011bn.                                                                                                                                                                                                                                                                                                                                                                                        3.4\/5 - (5 votes)        "},{"@context":"https:\/\/schema.org\/","@type":"BreadcrumbList","itemListElement":[{"@type":"ListItem","position":1,"name":"Jaro je spr\u00e1vn\u00fd \u010das na zm\u011bny","item":"https:\/\/www.asimos.cz\/jaro-je-spravny-cas-na-zmeny\/#breadcrumbitem"}]}]