[{"@context":"https:\/\/schema.org\/","@type":"Article","@id":"https:\/\/www.asimos.cz\/je-nutne-jezdit-na-dovolenou-do-zahranici\/#Article","mainEntityOfPage":"https:\/\/www.asimos.cz\/je-nutne-jezdit-na-dovolenou-do-zahranici\/","headline":"Je nutn\u00e9 jezdit na dovolenou do zahrani\u010d\u00ed?","name":"Je nutn\u00e9 jezdit na dovolenou do zahrani\u010d\u00ed?","description":"Kdy\u017e se \u0159ekne dovolen\u00e1, v\u011bt\u0161inou si p\u0159edstav\u00edme mo\u0159e a p\u00edse\u010dn\u00e9 pl\u00e1\u017ee. A je pravdou, \u017ee mnoho z\u00a0n\u00e1s ji tr\u00e1v\u00ed v\u00a0zahrani\u010d\u00ed, a\u0165 u\u017e v\u00a0It\u00e1lii, \u0158ecku \u010di jen v \u201eprofl\u00e1kl\u00e9m\u201c Chorvatsku. D\u016fvod je celkem jasn\u00fd: u n\u00e1s mo\u0159e nem\u00e1me, a tak je &hellip; ","datePublished":"2023-12-08","dateModified":"2023-12-08","author":{"@type":"Person","@id":"https:\/\/www.asimos.cz\/author\/devene\/#Person","name":"devene","url":"https:\/\/www.asimos.cz\/author\/devene\/","identifier":1,"image":{"@type":"ImageObject","@id":"https:\/\/secure.gravatar.com\/avatar\/e746f9a3ec3ffe02f5df809714d800d50faf9f4f5ba0a7962a5d8229603fd33b?s=96&d=mm&r=g","url":"https:\/\/secure.gravatar.com\/avatar\/e746f9a3ec3ffe02f5df809714d800d50faf9f4f5ba0a7962a5d8229603fd33b?s=96&d=mm&r=g","height":96,"width":96}},"publisher":{"@type":"Organization","name":"asimos.cz","logo":{"@type":"ImageObject","@id":"\/logo.png","url":"\/logo.png","width":600,"height":60}},"image":{"@type":"ImageObject","@id":"https:\/\/www.asimos.cz\/wp-content\/uploads\/bazen6_10_10_10_10_10_10_10_10_5.jpg","url":"https:\/\/www.asimos.cz\/wp-content\/uploads\/bazen6_10_10_10_10_10_10_10_10_5.jpg","height":0,"width":0},"url":"https:\/\/www.asimos.cz\/je-nutne-jezdit-na-dovolenou-do-zahranici\/","about":["Dovolen\u00e1"],"wordCount":437,"articleBody":"Kdy\u017e se \u0159ekne dovolen\u00e1, v\u011bt\u0161inou si p\u0159edstav\u00edme mo\u0159e a p\u00edse\u010dn\u00e9 pl\u00e1\u017ee. A je pravdou, \u017ee mnoho z\u00a0n\u00e1s ji tr\u00e1v\u00ed v\u00a0zahrani\u010d\u00ed, a\u0165 u\u017e v\u00a0It\u00e1lii, \u0158ecku \u010di jen v \u201eprofl\u00e1kl\u00e9m\u201c Chorvatsku. D\u016fvod je celkem jasn\u00fd: u n\u00e1s mo\u0159e nem\u00e1me, a tak je to pro n\u00e1s n\u011bco, co si chceme u\u017e\u00edt. Nav\u00edc jako \u017eivo\u010di\u0161n\u00fd druh p\u016fvodem z\u00a0trop\u016f m\u00e1me instinktivn\u00ed pot\u0159ebu jet do teplej\u0161\u00edch krajin.\u00a0Na tom v\u0161em samoz\u0159ejm\u011b nen\u00ed nic \u0161patn\u00e9ho. Vzhledem k\u00a0sou\u010dasn\u00e9 ekonomick\u00e9 situaci bychom se v\u0161ak m\u011bli pt\u00e1t, zda je to skute\u010dn\u011b pro dobr\u00fd odpo\u010dinek nezbytn\u00e9. Jist\u011b, psychologov\u00e9 doporu\u010duj\u00ed, abychom tr\u00e1vili dovolenou mimo domov, ale mus\u00ed to nutn\u011b znamenat zahrani\u010d\u00ed? P\u0159eci jen to nen\u00ed ani zdaleka nejlevn\u011bj\u0161\u00ed varianta. Nenajdeme n\u011bco takov\u00e9ho i v\u00a0na\u0161\u00ed zemi?\u00a0\u00a0Jist\u011b, pravdou je, \u017ee mo\u0159e nem\u00e1me. Ov\u0161em to neznamen\u00e1, \u017ee se zde nenajdou p\u0159\u00edle\u017eitosti na koup\u00e1n\u00ed. P\u0159\u00edrodn\u00edch i um\u011bl\u00fdch koupali\u0161\u0165 je u n\u00e1s mnoho, a to je to hlavn\u00ed, co n\u00e1s na dovolen\u00e9 v\u00a0l\u00e9t\u011b l\u00e1k\u00e1. A je to pochopiteln\u00e9, koneckonc\u016f letn\u00ed vedra se daj\u00ed zdaleka nejl\u00e9pe p\u0159e\u010dkat ve vod\u011b. Ov\u0161em je tu je\u0161t\u011b fakt, \u017ee voda samotn\u00e1 nen\u00ed v\u0161e, co n\u00e1s u mo\u0159e \u010dek\u00e1.\u00a0\u00a0V\u00a0naprost\u00e9 v\u011bt\u0161in\u011b p\u0159\u00edpad\u016f je zde toti\u017e je\u0161t\u011b i resort, ve kter\u00e9m bydl\u00edme. Pokud m\u00e1me All Inclusive, m\u00e1me v\u00a0podstat\u011b voln\u00e9 j\u00eddlo a pit\u00ed a nemus\u00edme se o nic starat. Nen\u00ed pot\u0159eba si kupovat ve\u010de\u0159i \u010di dokonce ji va\u0159it, jednodu\u0161e si zajdete do hotelov\u00e9 restaurace a tam si vyberete podle chuti. A jen m\u00e1lokdo si uv\u011bdomuje, jak velk\u00e1 \u00faleva to je. Je to v\u0161ak n\u011bco, co na dovolen\u00e9 v\u00a0na\u0161\u00ed zemi \u010dasto opom\u00edj\u00edme, k\u00a0na\u0161\u00ed \u0161kod\u011b.\u00a0Proto je vhodn\u00e9, pokud si chceme skute\u010dn\u011b odpo\u010dinout, abychom v\u0161e dob\u0159e zv\u00e1\u017eili. P\u0159i v\u00fdb\u011bru mus\u00edme zv\u00e1\u017eit nejen lokalitu samotnou, ale tak\u00e9 to, co n\u00e1m zde nab\u00edz\u00ed. Jak\u00e9 bude nap\u0159\u00edklad ubytov\u00e1n\u00ed? Jak je \u0159e\u0161ena strava? Pamatujte, \u017ee zde si m\u00e1te odpo\u010dinout od v\u0161ech povinnost\u00ed, pracovn\u00edch i dom\u00e1c\u00edch. Podle toho si ji tak\u00e9 za\u0159i\u010fte. Jen tak si ji skute\u010dn\u011b u\u017eijete.                                                                                                                                                                                                                                                                                                                                                                                        3.8\/5 - (6 votes)        Kdy je vhodn\u00e9 jet na dovolenou\u0160umava"},{"@context":"https:\/\/schema.org\/","@type":"BreadcrumbList","itemListElement":[{"@type":"ListItem","position":1,"name":"Je nutn\u00e9 jezdit na dovolenou do zahrani\u010d\u00ed?","item":"https:\/\/www.asimos.cz\/je-nutne-jezdit-na-dovolenou-do-zahranici\/#breadcrumbitem"}]}]