[{"@context":"https:\/\/schema.org\/","@type":"Article","@id":"https:\/\/www.asimos.cz\/kdy-je-vhodne-jet-na-dovolenou\/#Article","mainEntityOfPage":"https:\/\/www.asimos.cz\/kdy-je-vhodne-jet-na-dovolenou\/","headline":"Kdy je vhodn\u00e9 jet na dovolenou","name":"Kdy je vhodn\u00e9 jet na dovolenou","description":"V\u00a0z\u00e1kon\u00edku pr\u00e1ce je jasn\u011b stanoveno, \u017ee ka\u017ed\u00fd, kdo pracuje v\u00a0klasick\u00e9m hlavn\u00edm pracovn\u00edm pom\u011bru, m\u00e1 n\u00e1rok na dovolenou, a to ve v\u00fd\u0161i minim\u00e1ln\u011b \u010dty\u0159 t\u00fddn\u016f. Tyto si m\u016f\u017ee rozlo\u017eit podle sv\u00e9ho uv\u00e1\u017een\u00ed, samoz\u0159ejm\u011b s\u00a0p\u0159ihl\u00e9dnut\u00edm k\u00a0pot\u0159eb\u00e1m zam\u011bstnavatele. Obvykle se to \u0159e\u0161\u00ed tak, &hellip; ","datePublished":"2023-11-29","dateModified":"2023-11-29","author":{"@type":"Person","@id":"https:\/\/www.asimos.cz\/author\/devene\/#Person","name":"devene","url":"https:\/\/www.asimos.cz\/author\/devene\/","identifier":1,"image":{"@type":"ImageObject","@id":"https:\/\/secure.gravatar.com\/avatar\/e746f9a3ec3ffe02f5df809714d800d50faf9f4f5ba0a7962a5d8229603fd33b?s=96&d=mm&r=g","url":"https:\/\/secure.gravatar.com\/avatar\/e746f9a3ec3ffe02f5df809714d800d50faf9f4f5ba0a7962a5d8229603fd33b?s=96&d=mm&r=g","height":96,"width":96}},"publisher":{"@type":"Organization","name":"asimos.cz","logo":{"@type":"ImageObject","@id":"\/logo.png","url":"\/logo.png","width":600,"height":60}},"image":{"@type":"ImageObject","@id":"https:\/\/www.asimos.cz\/wp-content\/uploads\/cestovani2_10.jpg","url":"https:\/\/www.asimos.cz\/wp-content\/uploads\/cestovani2_10.jpg","height":0,"width":0},"url":"https:\/\/www.asimos.cz\/kdy-je-vhodne-jet-na-dovolenou\/","about":["Dovolen\u00e1"],"wordCount":449,"articleBody":"V\u00a0z\u00e1kon\u00edku pr\u00e1ce je jasn\u011b stanoveno, \u017ee ka\u017ed\u00fd, kdo pracuje v\u00a0klasick\u00e9m hlavn\u00edm pracovn\u00edm pom\u011bru, m\u00e1 n\u00e1rok na dovolenou, a to ve v\u00fd\u0161i minim\u00e1ln\u011b \u010dty\u0159 t\u00fddn\u016f. Tyto si m\u016f\u017ee rozlo\u017eit podle sv\u00e9ho uv\u00e1\u017een\u00ed, samoz\u0159ejm\u011b s\u00a0p\u0159ihl\u00e9dnut\u00edm k\u00a0pot\u0159eb\u00e1m zam\u011bstnavatele. Obvykle se to \u0159e\u0161\u00ed tak, \u017ee se berou nap\u0159\u00edklad dva t\u00fddny v\u00a0celku, a zbytek se vyb\u00edr\u00e1 po dnech, kdy je pot\u0159eba nap\u0159\u00edklad jet k\u00a0l\u00e9ka\u0159i n\u011bkam d\u00e1l, p\u0159\u00edpadn\u011b n\u011bco za\u0159izovat na \u00fa\u0159adech.\u00a0Mnoho z\u00a0n\u00e1s pak pl\u00e1nuje alespo\u0148 jej\u00ed \u010d\u00e1st str\u00e1vit v\u00a0zahrani\u010d\u00ed. S\u00a0t\u00edm se v\u0161ak poj\u00ed ot\u00e1zka: kdy bychom vlastn\u011b m\u011bli jet? Ka\u017ed\u00e1 doba m\u00e1 toti\u017e sv\u00e9 v\u00fdhody i nev\u00fdhody, a\u0165 u\u017e se jedn\u00e1 o ceny z\u00e1jezd\u016f, pokud jedeme s\u00a0cestovn\u00ed kancel\u00e1\u0159\u00ed, tak o dostupnost ubytov\u00e1n\u00ed \u010di po\u010das\u00ed. A pokud si chceme sv\u00e9 volno skute\u010dn\u011b u\u017e\u00edt, pak je nutn\u00e9 vybrat spr\u00e1vn\u011b.\u00a0\u00a0Zde samoz\u0159ejm\u011b z\u00e1le\u017e\u00ed na tom, kam jedeme. Pokud n\u011bkam na jih k\u00a0mo\u0159i, jak je obvykl\u00e9, pak nej\u010dast\u011bji vol\u00edme \u010dervenec \u010di srpen. A ano, d\u00e1v\u00e1 to smysl. D\u011bti maj\u00ed pr\u00e1zdniny, a nav\u00edc se jedn\u00e1 o nejteplej\u0161\u00ed m\u011bs\u00edce v\u00a0roce, a my p\u0159ece jedeme za teplem. To je ostatn\u011b d\u016fvod, pro\u010d jsou z\u00e1jezdy v\u00a0tuto dobu tak drah\u00e9. A d\u0159\u00edve tomu tak skute\u010dn\u011b bylo. V\u00a0dne\u0161n\u00ed dob\u011b se v\u0161ak situace m\u011bn\u00ed.\u00a0\u00a0Pravdou je, \u017ee letn\u00ed teploty se zvy\u0161uj\u00ed. Sta\u010d\u00ed se jen pod\u00edvat na teplotn\u00ed mapu. V\u00a0n\u011bkter\u00fdch oblastech se dokonce p\u0159ibli\u017euj\u00ed pades\u00e1ti stup\u0148\u016fm ve st\u00ednu, a v\u00a0takov\u00e9m horku si dovolenou p\u0159\u00edli\u0161 neu\u017eijeme. Ve skute\u010dnosti se v\u00a0podstat\u011b ani ned\u00e1 vyj\u00edt ven, tak\u017ee z\u016fstanete zav\u0159eni v\u00a0hotelov\u00e9m pokoji, a to nen\u00ed nic p\u0159\u00edjemn\u00e9ho.\u00a0Proto je dnes lep\u0161\u00ed, kdy\u017e si dovolenou v\u00a0zahrani\u010d\u00ed spojenou s\u00a0koup\u00e1n\u00edm v\u00a0mo\u0159i napl\u00e1nujete na za\u010d\u00e1tek z\u00e1\u0159\u00ed. V\u00a0tuto dobu je ji\u017e pon\u011bkud chladn\u011bji, p\u0159\u00edjemn\u00fdch 30 \u2013 35 stup\u0148\u016f, a vyh\u0159\u00e1t\u00e9 mo\u0159e. Nav\u00edc tam nebude ani tolik lid\u00ed, nebo\u0165 valn\u00e1 \u010d\u00e1st z\u00a0nich takto nep\u0159em\u00fd\u0161l\u00ed. Rozhodn\u011b si tedy dovolenou t\u00edmto zp\u016fsobem u\u017eijete mnohem v\u00edce, zvl\u00e1\u0161t\u011b kdy\u017e budete cht\u00edt nap\u0159\u00edklad chodit i na v\u00fdlety za pam\u00e1tkami. A to rozhodn\u011b stoj\u00ed za to.                                                                                                                                                                                                                                                                                                                                                                                        3.8\/5 - (11 votes)        Je nutn\u00e9 jezdit na dovolenou do zahrani\u010d\u00ed?\u0160umava"},{"@context":"https:\/\/schema.org\/","@type":"BreadcrumbList","itemListElement":[{"@type":"ListItem","position":1,"name":"Kdy je vhodn\u00e9 jet na dovolenou","item":"https:\/\/www.asimos.cz\/kdy-je-vhodne-jet-na-dovolenou\/#breadcrumbitem"}]}]