[{"@context":"https:\/\/schema.org\/","@type":"Article","@id":"https:\/\/www.asimos.cz\/kdy-navstivit-barbera-v-praze\/#Article","mainEntityOfPage":"https:\/\/www.asimos.cz\/kdy-navstivit-barbera-v-praze\/","headline":"Kdy nav\u0161t\u00edvit barbera v Praze","name":"Kdy nav\u0161t\u00edvit barbera v Praze","description":"Jen tak pro radost \u2013 pohl\u00e9dli jste r\u00e1no do zrcadla a zjistili jste, \u017ee v\u00e1m nevyhovuje v\u00e1\u0161 \u00fa\u010des, nebo \u017ee v\u00e1\u0161 plnovous vypad\u00e1 podivn\u011b? Takov\u00e9 situace nast\u00e1vaj\u00ed pom\u011brn\u011b \u010dasto, mnoho mu\u017e\u016f se rozhoduje o tom, \u017ee nav\u0161t\u00edv\u00ed barbera v Praze &hellip; ","datePublished":"2024-08-23","dateModified":"2024-08-23","author":{"@type":"Person","@id":"https:\/\/www.asimos.cz\/author\/devene\/#Person","name":"devene","url":"https:\/\/www.asimos.cz\/author\/devene\/","identifier":1,"image":{"@type":"ImageObject","@id":"https:\/\/secure.gravatar.com\/avatar\/e746f9a3ec3ffe02f5df809714d800d50faf9f4f5ba0a7962a5d8229603fd33b?s=96&d=mm&r=g","url":"https:\/\/secure.gravatar.com\/avatar\/e746f9a3ec3ffe02f5df809714d800d50faf9f4f5ba0a7962a5d8229603fd33b?s=96&d=mm&r=g","height":96,"width":96}},"publisher":{"@type":"Organization","name":"asimos.cz","logo":{"@type":"ImageObject","@id":"\/logo.png","url":"\/logo.png","width":600,"height":60}},"image":{"@type":"ImageObject","@id":"https:\/\/www.asimos.cz\/wp-content\/uploads\/barber-shop-6797906_640_1.jpg","url":"https:\/\/www.asimos.cz\/wp-content\/uploads\/barber-shop-6797906_640_1.jpg","height":0,"width":0},"url":"https:\/\/www.asimos.cz\/kdy-navstivit-barbera-v-praze\/","about":["Spole\u010dnosti"],"wordCount":454,"articleBody":"      Jen tak pro radost \u2013 pohl\u00e9dli jste r\u00e1no do zrcadla a zjistili jste, \u017ee v\u00e1m nevyhovuje v\u00e1\u0161 \u00fa\u010des, nebo \u017ee v\u00e1\u0161 plnovous vypad\u00e1 podivn\u011b? Takov\u00e9 situace nast\u00e1vaj\u00ed pom\u011brn\u011b \u010dasto, mnoho mu\u017e\u016f se rozhoduje o tom, \u017ee nav\u0161t\u00edv\u00ed barbera v Praze pr\u00e1v\u011b na z\u00e1klad\u011b takov\u00e9ho zji\u0161t\u011bn\u00ed. Profesion\u00e1ln\u00ed kade\u0159n\u00edk se na v\u00e1s mrkne, a navrhne v\u00e1m t\u0159eba \u00fapln\u011b jinou faz\u00f3nu, ne\u017e na jakou jste zvykl\u00ed. Mo\u017en\u00e1 se v\u00e1m bude l\u00edbit krat\u0161\u00ed sest\u0159ih vlas\u016f, mo\u017en\u00e1 v\u00e1m bude vyhovovat pouze kn\u00edr s bradkou, anebo budete l\u00e9pe vypadat bez vous\u016f. Barbe\u0159i b\u00fdvaj\u00ed velmi zku\u0161en\u00ed a um\u00ed dob\u0159e odhadnout, co doty\u010dn\u00e9mu bude slu\u0161et, a co ne.Na dovolenou \u2013 p\u0159ed odjezdem na dovolenou m\u00edv\u00e1 mnoho lid\u00ed tendenci vypadat l\u00e9pe, ne\u017e dosud. St\u00e1v\u00e1 se to hlavn\u011b u osam\u011bl\u00fdch mu\u017e\u016f, kte\u0159\u00ed by se r\u00e1di na cest\u00e1ch sezn\u00e1mili s pohlednou d\u00edvkou a k tomu je vzhled fyzick\u00e9ho t\u011bla a sest\u0159ih vlas\u016f tak\u00e9 d\u016fle\u017eit\u00fd.Na svatbu \u2013 kdy jindy by m\u011bl vypadat \u017eenich co nejl\u00e9pe, ne\u017e na vlastn\u00ed svatb\u011b. Pr\u00e1v\u011b tam m\u00e1 p\u0159\u00edle\u017eitost barber prok\u00e1zat, co um\u00ed. Sv\u011b\u0159te se mu do p\u00e9\u010de, aby z v\u00e1s vytvo\u0159il mu\u017ee k nakousnut\u00ed, mimochodem, po svatb\u011b n\u00e1sleduje svatebn\u00ed noc, a bude-li se nev\u011bsta milovat s okouzluj\u00edc\u00edm partnerem, m\u016f\u017ee to p\u0159in\u00e9st kr\u00e1sn\u00fd z\u00e1\u017eitek, dobr\u00e9 energie p\u0159i sexu a mo\u017en\u00e1 i narozen\u00ed zdrav\u00fdch potomk\u016f, kte\u0159\u00ed nebudou ovlivn\u011bni negativn\u00ed genetickou v\u00fdbavou sv\u00fdch rodi\u010d\u016f.Do pr\u00e1ce \u2013 m\u011bn\u00edte zam\u011bstn\u00e1n\u00ed nebo jste jist\u00fd \u010das nezam\u011bstnan\u00ed a v\u011bnovali jste mnoho \u010dasu odpo\u010dinku, ale zapomn\u011bli jste na sv\u016fj zevn\u011bj\u0161ek? A\u017e se budete uch\u00e1zet o zam\u011bstn\u00e1n\u00ed, m\u011bli byste b\u00fdt tak\u00e9 upraven\u00ed, a o to u\u017e se postar\u00e1 pr\u00e1v\u011b barber v Praze https:\/\/thecrownbarbershop.cz\/.Na firemn\u00ed raut \u2013 l\u00edb\u00ed se v\u00e1m sekret\u00e1\u0159ka \u0159editele va\u0161\u00ed firmy a cht\u011bl byste se k n\u00ed p\u0159ibl\u00ed\u017eit a oslovit j\u00ed? Pro\u010d ne, ale s neupraven\u00fdmi a mastn\u00fdmi kade\u0159emi to jaksi nebude ono. Samoz\u0159ejm\u011b, \u017ee je d\u016fle\u017eit\u00e9 oslovit d\u00edvku sv\u00fdm charisma a t\u00edm, co m\u00e1te uvnit\u0159, ale to, co je uvnit\u0159 tak\u00e9 vyza\u0159uje na povrch a koresponduje s va\u0161\u00edm vn\u011bj\u0161\u00edm vzhledem.                                                                                                                                                                                                                                                                                                                                                                                          5\/5 - (3 votes)        Melodie srdce EvropyPro\u010d v\u00e1\u0161 koberec p\u00e1chneT\u011b\u0161\u00edte se na plesovou sezonu?Jak vyzr\u00e1t na st\u011bhov\u00e1n\u00ed?"},{"@context":"https:\/\/schema.org\/","@type":"BreadcrumbList","itemListElement":[{"@type":"ListItem","position":1,"name":"Kdy nav\u0161t\u00edvit barbera v Praze","item":"https:\/\/www.asimos.cz\/kdy-navstivit-barbera-v-praze\/#breadcrumbitem"}]}]