[{"@context":"https:\/\/schema.org\/","@type":"Article","@id":"https:\/\/www.asimos.cz\/mobil-a-dnesni-doba\/#Article","mainEntityOfPage":"https:\/\/www.asimos.cz\/mobil-a-dnesni-doba\/","headline":"Mobil a dne\u0161n\u00ed doba","name":"Mobil a dne\u0161n\u00ed doba","description":"V\u017edycky jsem cht\u011bla m\u00edt mobil. A nejv\u00edce m\u011b \u0161tvalo na tom, \u017ee t\u0159eba v\u0161ichni moji kamar\u00e1di u\u017e m\u011bli mobiln\u00ed telefon, Zat\u00edmco j\u00e1 v\u016fbec ne. A nech\u00e1pala jsem, pro\u010d mi moji rodi\u010de taky necht\u011bj\u00ed po\u0159\u00eddit mobiln\u00ed telefon. A kdy\u017e jsem se &hellip; ","datePublished":"2022-04-25","dateModified":"2022-04-25","author":{"@type":"Person","@id":"https:\/\/www.asimos.cz\/author\/devene\/#Person","name":"devene","url":"https:\/\/www.asimos.cz\/author\/devene\/","identifier":1,"image":{"@type":"ImageObject","@id":"https:\/\/secure.gravatar.com\/avatar\/e746f9a3ec3ffe02f5df809714d800d50faf9f4f5ba0a7962a5d8229603fd33b?s=96&d=mm&r=g","url":"https:\/\/secure.gravatar.com\/avatar\/e746f9a3ec3ffe02f5df809714d800d50faf9f4f5ba0a7962a5d8229603fd33b?s=96&d=mm&r=g","height":96,"width":96}},"publisher":{"@type":"Organization","name":"asimos.cz","logo":{"@type":"ImageObject","@id":"\/logo.png","url":"\/logo.png","width":600,"height":60}},"image":{"@type":"ImageObject","@id":"https:\/\/www.asimos.cz\/wp-content\/uploads\/hled%C3%A1n%C3%AD%20na%20map%C4%9B.jpg","url":"https:\/\/www.asimos.cz\/wp-content\/uploads\/hled%C3%A1n%C3%AD%20na%20map%C4%9B.jpg","height":0,"width":0},"url":"https:\/\/www.asimos.cz\/mobil-a-dnesni-doba\/","about":["Mobil"],"wordCount":423,"articleBody":"V\u017edycky jsem cht\u011bla m\u00edt mobil. A nejv\u00edce m\u011b \u0161tvalo na tom, \u017ee t\u0159eba v\u0161ichni moji kamar\u00e1di u\u017e m\u011bli mobiln\u00ed telefon, Zat\u00edmco j\u00e1 v\u016fbec ne. A nech\u00e1pala jsem, pro\u010d mi moji rodi\u010de taky necht\u011bj\u00ed po\u0159\u00eddit mobiln\u00ed telefon. A kdy\u017e jsem se na to rodi\u010d\u016f ptala, tak mi \u0159ekli, \u017ee ho p\u0159ece nepot\u0159ebuji. To fakt? Pr\u00fd na co budu pot\u0159ebovat mobiln\u00ed telefon, kdy\u017e z n\u011bj stejn\u011b nebudu volat. A sice ano, rodi\u010de m\u011bli pravdu, proto\u017ee j\u00e1 jsem ani ten kredit nepot\u0159ebovala. Jenom\u017ee m\u011b stra\u0161n\u011b bavilo mi ten mobiln\u00ed telefon. Byla jsem v part\u011b opravdu jedin\u00e1, kdo nem\u011bl mobiln\u00ed telefon. A bylo mi asi jeden\u00e1ct let. To v t\u00e9 dob\u011b sice u\u017e mobiln\u00ed telefon byl norm\u00e1ln\u00ed mezi ml\u00e1de\u017e\u00ed, ale sp\u00ed\u0161e asi jenom u t\u011bch bohat\u00fdch lid\u00ed a bohat\u00fdch rodin. Jenom\u017ee j\u00e1 bohat\u00e1 v\u016fbec nejsem a dost\u00e1v\u00e1m kapesn\u00e9 pades\u00e1t korun m\u011bs\u00ed\u010dn\u011b, tak\u017ee co bych si za to tak mohla\u00a0po\u0159\u00eddit? Hm, asi nic, bohu\u017eel. A tehdy to d\u0159\u00edve takto bylo.A nyn\u00ed jsem dosp\u011bl\u00e1 a m\u00e1m sv\u016fj luxusn\u00ed telefon. Na\u0161t\u011bst\u00ed si vyd\u011bl\u00e1v\u00e1m opravdu hodn\u011b pen\u011bz, tak\u017ee si mohu dovolit lep\u0161\u00ed mobiln\u00ed telefon. A m\u016fj syn m\u00e1 \u0161est let a u\u017e m\u00e1 mobil a\u00a0jsem\u00a0za\u00a0to\u00a0r\u00e1da. To m\u011b v\u016fbec nevad\u00ed, \u017ee mal\u00e9 d\u011bti maj\u00ed mobiln\u00ed telefon. V\u017edy\u0165 co je na tom \u0161patn\u00e9ho? Takov\u00e1 je prost\u011b doba, kter\u00e1 jde dop\u0159edu, tak pro\u010d by v dne\u0161n\u00ed dob\u011b, kter\u00e1 jde dop\u0159edu, nemohlo m\u00edt d\u00edt\u011b mobiln\u00ed telefon?A je \u00fapln\u011b jedno, jestli d\u00edt\u011b m\u00e1 interaktivn\u00ed hra\u010dku nebo mobil. A to je p\u0159ece \u00fapln\u011b stejn\u00fd zp\u016fsob. V\u0161echno d\u011bl\u00e1 zvuky anebo si s t\u00edm d\u00edt\u011b hraje. V\u017edy\u0165 je jedno, jestli si d\u00edt\u011b hraje t\u0159eba s robotickou hra\u010dkou, ply\u0161ov\u00fdm medv\u00eddkem nebo jestli se hraje s mobilem,\u00a0kde\u00a0jsou taky hry. A kdy\u017e u jednoho vydr\u017e\u00ed hodinu stejn\u011b, tak je to podle m\u00e9ho n\u00e1zoru \u00fapln\u011b jedno. Nebo vy\u00a0byste s t\u00edm m\u011bli n\u011bjak\u00fd probl\u00e9m? Co vy a mobiln\u00ed telefon, kdy jste ho m\u011bli poprv\u00e9? J\u00e1 mobil beru u\u017e jako \u00fapln\u011b\u00a0norm\u00e1ln\u00ed\u00a0v\u011bc,\u00a0kterou\u00a0m\u00e1 ka\u017ed\u00fd modern\u00ed \u010dlov\u011bk.\u00a0                                                                                                                                                                                                                                                                                                                                                                                        3.6\/5 - (5 votes)        Mobiln\u00ed telefony a sv\u011bt"},{"@context":"https:\/\/schema.org\/","@type":"BreadcrumbList","itemListElement":[{"@type":"ListItem","position":1,"name":"Mobil a dne\u0161n\u00ed doba","item":"https:\/\/www.asimos.cz\/mobil-a-dnesni-doba\/#breadcrumbitem"}]}]