[{"@context":"https:\/\/schema.org\/","@type":"Article","@id":"https:\/\/www.asimos.cz\/na-zadne-stavbe-nesmi-chybet-kompresor\/#Article","mainEntityOfPage":"https:\/\/www.asimos.cz\/na-zadne-stavbe-nesmi-chybet-kompresor\/","headline":"Na \u017e\u00e1dn\u00e9 stavb\u011b nesm\u00ed chyb\u011bt kompresor","name":"Na \u017e\u00e1dn\u00e9 stavb\u011b nesm\u00ed chyb\u011bt kompresor","description":"Kompresory jsou \u00fa\u017easn\u00e1 za\u0159\u00edzen\u00ed. U\u017e samy o sob\u011b jsou zcela jedine\u010dn\u00e9 a v\u00fdjime\u010dn\u00e9, toho bychom si v\u017edy m\u011bli b\u00fdt v\u011bdomi. Pokud pot\u0159ebujete s prac\u00ed pomoci tam, kde nen\u00ed z\u00e1suvka, pak V\u00e1m budou v\u017edy po ruce a budou Va\u0161im hrd\u00fdm partnerem &hellip; ","datePublished":"2020-08-10","dateModified":"2020-08-10","author":{"@type":"Person","@id":"https:\/\/www.asimos.cz\/author\/devene\/#Person","name":"devene","url":"https:\/\/www.asimos.cz\/author\/devene\/","identifier":1,"image":{"@type":"ImageObject","@id":"https:\/\/secure.gravatar.com\/avatar\/e746f9a3ec3ffe02f5df809714d800d50faf9f4f5ba0a7962a5d8229603fd33b?s=96&d=mm&r=g","url":"https:\/\/secure.gravatar.com\/avatar\/e746f9a3ec3ffe02f5df809714d800d50faf9f4f5ba0a7962a5d8229603fd33b?s=96&d=mm&r=g","height":96,"width":96}},"publisher":{"@type":"Organization","name":"asimos.cz","logo":{"@type":"ImageObject","@id":"\/logo.png","url":"\/logo.png","width":600,"height":60}},"image":{"@type":"ImageObject","@id":"https:\/\/www.asimos.cz\/wp-content\/uploads\/stavba.jpeg","url":"https:\/\/www.asimos.cz\/wp-content\/uploads\/stavba.jpeg","height":0,"width":0},"url":"https:\/\/www.asimos.cz\/na-zadne-stavbe-nesmi-chybet-kompresor\/","about":["Hobby"],"wordCount":463,"articleBody":"   Kompresory jsou \u00fa\u017easn\u00e1 za\u0159\u00edzen\u00ed. U\u017e samy o sob\u011b jsou zcela jedine\u010dn\u00e9 a v\u00fdjime\u010dn\u00e9, toho bychom si v\u017edy m\u011bli b\u00fdt v\u011bdomi. Pokud pot\u0159ebujete s prac\u00ed pomoci tam, kde nen\u00ed z\u00e1suvka, pak V\u00e1m budou v\u017edy po ruce a budou Va\u0161im hrd\u00fdm partnerem na stavb\u00e1ch, v r\u016fzn\u00fdch zam\u011bstn\u00e1n\u00edch, ale i na mnoh\u00fdch dal\u0161\u00edch pot\u0159ebn\u00fdch m\u00edstech.Dieselov\u00fd mobiln\u00ed kompresor je multifunk\u010dn\u00ed stroj. Nejenom, \u017ee nepot\u0159ebuje \u017e\u00e1dnou p\u0159\u00edpojku elektrick\u00e9 energie, ale bude poka\u017ed\u00e9 Va\u0161im hrd\u00fdm pomocn\u00edkem. Jak z n\u00e1zvu vypl\u00fdv\u00e1, je mobiln\u00ed, tak\u017ee p\u0159enosn\u00fd, d\u00e1 se s n\u00edm skv\u011ble manipulovat a m\u016f\u017eete ho kdykoliv kamkoliv p\u0159em\u00edstit.Vyu\u017eijete ho v p\u0159\u00edpad\u011b, \u017ee n\u011bkde nem\u00e1te vedenou elekt\u0159inu a nem\u00e1te zde z\u00e1suvku elektrick\u00e9ho proudu. Proto se hod\u00ed zejm\u00e9na na stavby, ale i na r\u016fzn\u00e1 dal\u0161\u00ed m\u00edsta. Kde nen\u00ed z\u00e1suvka, nen\u00ed elekt\u0159ina, a proto pot\u0159ebujete jin\u00fd zdroj. Na\u0161t\u011bst\u00ed je zde stavebn\u00ed kompresor.Dieselov\u00fd typ samoz\u0159ejm\u011b pou\u017e\u00edv\u00e1 jako pohon diesel \u010dili naftu. Natankujete nebo dolijete z kanistru a m\u016f\u017ee ihned fungovat.Hod\u00ed se tam, kde pot\u0159ebujete stla\u010den\u00fd vzduch, co\u017e je jeho prim\u00e1rn\u00edm \u00fakolem.Jak\u00fd je v\u00fdkon? V\u00fdkonov\u00e1 produkce tlakov\u00e9ho vzduchu je od 2 metr\u016f krychlov\u00fdch za minutu a\u017e do 12 metr\u016f krychlov\u00fdch za minutu.Pro\u010d si ho z\u00e1kazn\u00edci tak cenn\u00ed? Zejm\u00e9na d\u00edky funk\u010dnosti. V jak\u00fdchkoliv podm\u00ednk\u00e1ch dok\u00e1\u017ee spolehliv\u011b pracovat. Zvl\u00e1dne ve\u0161ker\u00e9 n\u00e1ro\u010dn\u00e9 po\u010das\u00ed i dal\u0161\u00ed ne\u017e\u00e1douc\u00ed podm\u00ednky. Horko i zimu, v\u0161echno snadno p\u0159ekon\u00e1, je to p\u011bkn\u00fd tvr\u010f\u00e1k. Odol\u00e1 samoz\u0159ejm\u011b i pra\u0161n\u00e9mu prost\u0159ed\u00ed. Nen\u00ed pro n\u011bj probl\u00e9m st\u00e1t n\u011bkde m\u011bs\u00edc v kout\u011b cel\u00fd zapr\u00e1\u0161en\u00fd, i p\u0159esto bude poka\u017ed\u00e9 spolehliv\u011b fungovat, jakmile jej zase budete pot\u0159ebovat.Z\u00e1kladem je mobilita, tak\u017ee m\u016f\u017eete za\u0159\u00edzen\u00ed kdykoliv p\u0159epravit na jin\u00e9 m\u00edsto. St\u00e1le a poka\u017ed\u00e9 bude fungovat na pln\u00fd v\u00fdkon, o \u010dem u n\u011bkter\u00fdch jin\u00fdch za\u0159\u00edzen\u00ed nem\u016f\u017ee b\u00fdt ani \u0159e\u010d.Nav\u00edc m\u00e1 v\u00fdkonnostn\u00ed rezervu, tak\u017ee se d\u00e1 nastavit na optim\u00e1ln\u011bj\u0161\u00ed provoz, \u010d\u00edm\u017e je hospod\u00e1rn\u011bj\u0161\u00ed. V p\u0159ekladu, u\u0161et\u0159\u00edte, kdy\u017e si ho spr\u00e1vn\u011b nastav\u00edte. D\u00edky tomu tak\u00e9 prodlou\u017e\u00edte jeho \u017eivotnost.                                                                                                                                                                                                                                                                                                                                                                                          3\/5 - (3 votes)        \u017divotn\u00ed kon\u00ed\u010dekErekce \u00fazce souvis\u00ed s psychikouTypy z\u00e1bradl\u00ed ke schodi\u0161tiUzav\u00edrateln\u00e9 zip s\u00e1\u010dky chr\u00e1n\u00ed va\u0161e v\u011bci p\u0159ed po\u0161kozen\u00edm"},{"@context":"https:\/\/schema.org\/","@type":"BreadcrumbList","itemListElement":[{"@type":"ListItem","position":1,"name":"Na \u017e\u00e1dn\u00e9 stavb\u011b nesm\u00ed chyb\u011bt kompresor","item":"https:\/\/www.asimos.cz\/na-zadne-stavbe-nesmi-chybet-kompresor\/#breadcrumbitem"}]}]