[{"@context":"https:\/\/schema.org\/","@type":"Article","@id":"https:\/\/www.asimos.cz\/odpocinek-pod-slunecnikem\/#Article","mainEntityOfPage":"https:\/\/www.asimos.cz\/odpocinek-pod-slunecnikem\/","headline":"Odpo\u010dinek pod slune\u010dn\u00edkem","name":"Odpo\u010dinek pod slune\u010dn\u00edkem","description":"L\u00e9to pod slune\u010dn\u00edkem m\u016f\u017ee m\u00edt r\u016fznou podobu. N\u011bkomu sta\u010d\u00ed slune\u010dn\u00edk na zahrad\u011b u vlastn\u00edho baz\u00e9nu a jin\u00fd rad\u011bji vysly\u0161\u00ed vol\u00e1n\u00ed d\u00e1lek. Jestli i vy tou\u017e\u00edte sed\u011bt pod slune\u010dn\u00edkem n\u011bkde u mo\u0159e, tak dovolen\u00e1 Chorvatsko je pro v\u00e1s ta nejlep\u0161\u00ed volba. &hellip; ","datePublished":"2023-06-02","dateModified":"2024-06-07","author":{"@type":"Person","@id":"https:\/\/www.asimos.cz\/author\/devene\/#Person","name":"devene","url":"https:\/\/www.asimos.cz\/author\/devene\/","identifier":1,"image":{"@type":"ImageObject","@id":"https:\/\/secure.gravatar.com\/avatar\/e746f9a3ec3ffe02f5df809714d800d50faf9f4f5ba0a7962a5d8229603fd33b?s=96&d=mm&r=g","url":"https:\/\/secure.gravatar.com\/avatar\/e746f9a3ec3ffe02f5df809714d800d50faf9f4f5ba0a7962a5d8229603fd33b?s=96&d=mm&r=g","height":96,"width":96}},"publisher":{"@type":"Organization","name":"asimos.cz","logo":{"@type":"ImageObject","@id":"\/logo.png","url":"\/logo.png","width":600,"height":60}},"url":"https:\/\/www.asimos.cz\/odpocinek-pod-slunecnikem\/","wordCount":271,"articleBody":"L\u00e9to pod slune\u010dn\u00edkem m\u016f\u017ee m\u00edt r\u016fznou podobu. N\u011bkomu sta\u010d\u00ed slune\u010dn\u00edk na zahrad\u011b u vlastn\u00edho baz\u00e9nu a jin\u00fd rad\u011bji vysly\u0161\u00ed vol\u00e1n\u00ed d\u00e1lek. Jestli i vy tou\u017e\u00edte sed\u011bt pod slune\u010dn\u00edkem n\u011bkde u mo\u0159e, tak dovolen\u00e1 Chorvatsko je pro v\u00e1s ta nejlep\u0161\u00ed volba. Tady si l\u00e9to u\u017eijete skute\u010dn\u011b se v\u0161\u00edm v\u0161udy. U\u017eijete si slun\u00ed\u010dka, koup\u00e1n\u00ed v mo\u0159i a letn\u00ed pohody tam, kde je skute\u010dn\u011b kr\u00e1sn\u011b. P\u0159\u00edjemn\u00ed lid\u00e9 i n\u00e1dhern\u00e1 krajina. Odpo\u010dinek i v\u00fdlety. Leno\u0161en\u00ed i pozn\u00e1v\u00e1n\u00ed. To v\u0161e lze skloubit dohromady, to v\u0161e se vejde do va\u0161eho l\u00e9ta pod slune\u010dn\u00edkem u mo\u0159e.\tNezapomenuteln\u00e1 dovolen\u00e1Na l\u00e9t\u011b je nejlep\u0161\u00ed to, \u017ee si ho m\u016f\u017ee ka\u017ed\u00fd u\u017e\u00edt podle sv\u00fdch p\u0159edstav. A nejhor\u0161\u00ed je asi to, \u017ee nic netrv\u00e1 v\u011b\u010dn\u011b a jist\u00e9 je, \u017ee po l\u00e9t\u011b p\u0159ijde podzim. Ale pokud si spln\u00edte sv\u016fj sen o dovolen\u00e9 pln\u00e9 slunce a koup\u00e1n\u00ed, tak budete m\u00edt z\u00e1soby energie na celou zimu. Dovolen\u00e1 u mo\u0159e to m\u016f\u017ee b\u00fdt mo\u0159e nezapomenuteln\u00fdch z\u00e1\u017eitk\u016f. Dovolen\u00e1 Chorvatsko pr\u00e1v\u011b takov\u00e1 bude. Vydat se na ni m\u016f\u017eete s ABC cestovn\u00ed agenturou, kter\u00e1 v\u00e1m umo\u017en\u00ed odpo\u010dinout si na jednom z nejkr\u00e1sn\u011bj\u0161\u00edch ostrov\u016f v Jadranu. A\u0165 se rozhodnete pro stan, karavan, mobiln\u00ed d\u016fm \u010di apartm\u00e1ny, bude to zaru\u010den\u011b nezapomenuteln\u00e1 dovolen\u00e1.                                                                                                                                                                                                                                                                                                                                                                                        5\/5 - (5 votes)        "},{"@context":"https:\/\/schema.org\/","@type":"BreadcrumbList","itemListElement":[{"@type":"ListItem","position":1,"name":"Odpo\u010dinek pod slune\u010dn\u00edkem","item":"https:\/\/www.asimos.cz\/odpocinek-pod-slunecnikem\/#breadcrumbitem"}]}]