[{"@context":"https:\/\/schema.org\/","@type":"Blog","@id":"https:\/\/www.asimos.cz#Blog","headline":"Asimos","description":"\nLid\u00e9 nejsou na sv\u00e9 probl\u00e9my \u010dasto sami. A je to dob\u0159e. A kdy\u017e jim zd\u00e1nliv\u011b nem\u00e1 kdo pomoci, pro\u010d to nezkusit i s\u00a0t\u00edmto webem, jen\u017e nab\u00edz\u00ed pomocnou ruku?","url":"https:\/\/www.asimos.cz","hasPart":[{"@type":"Article","@id":"https:\/\/www.asimos.cz\/kupte-si-bazen\/","headline":"Kupte si baz\u00e9n","url":"https:\/\/www.asimos.cz\/kupte-si-bazen\/","datePublished":"2024-05-28","dateModified":"2024-06-28","mainEntityOfPage":"https:\/\/www.asimos.cz\/kupte-si-bazen\/","author":{"@type":"Person","@id":"https:\/\/www.asimos.cz\/author\/devene\/#Person","name":"devene","url":"https:\/\/www.asimos.cz\/author\/devene\/","identifier":1,"image":{"@type":"ImageObject","@id":"https:\/\/secure.gravatar.com\/avatar\/e746f9a3ec3ffe02f5df809714d800d50faf9f4f5ba0a7962a5d8229603fd33b?s=96&d=mm&r=g","url":"https:\/\/secure.gravatar.com\/avatar\/e746f9a3ec3ffe02f5df809714d800d50faf9f4f5ba0a7962a5d8229603fd33b?s=96&d=mm&r=g","height":96,"width":96}},"publisher":{"@type":"Organization","name":"asimos.cz","logo":{"@type":"ImageObject","@id":"\/logo.png","url":"\/logo.png","width":600,"height":60}},"image":{"@type":"ImageObject","@id":"https:\/\/www.asimos.cz\/wp-content\/uploads\/bbbbbbb_7.jpg","url":"https:\/\/www.asimos.cz\/wp-content\/uploads\/bbbbbbb_7.jpg","height":0,"width":0},"wordCount":657,"keywords":null},{"@type":"Article","@id":"https:\/\/www.asimos.cz\/pro-mnohe-je-nepredstavitelne-ze-by-nemeli-zahradu\/","headline":"Pro mnoh\u00e9 je nep\u0159edstaviteln\u00e9, \u017ee by nem\u011bli zahradu","url":"https:\/\/www.asimos.cz\/pro-mnohe-je-nepredstavitelne-ze-by-nemeli-zahradu\/","datePublished":"2024-05-28","dateModified":"2024-06-04","mainEntityOfPage":"https:\/\/www.asimos.cz\/pro-mnohe-je-nepredstavitelne-ze-by-nemeli-zahradu\/","author":{"@type":"Person","@id":"https:\/\/www.asimos.cz\/author\/devene\/#Person","name":"devene","url":"https:\/\/www.asimos.cz\/author\/devene\/","identifier":1,"image":{"@type":"ImageObject","@id":"https:\/\/secure.gravatar.com\/avatar\/e746f9a3ec3ffe02f5df809714d800d50faf9f4f5ba0a7962a5d8229603fd33b?s=96&d=mm&r=g","url":"https:\/\/secure.gravatar.com\/avatar\/e746f9a3ec3ffe02f5df809714d800d50faf9f4f5ba0a7962a5d8229603fd33b?s=96&d=mm&r=g","height":96,"width":96}},"publisher":{"@type":"Organization","name":"asimos.cz","logo":{"@type":"ImageObject","@id":"\/logo.png","url":"\/logo.png","width":600,"height":60}},"image":{"@type":"ImageObject","@id":"https:\/\/www.asimos.cz\/wp-content\/uploads\/snowdrop-6101818_640.jpg","url":"https:\/\/www.asimos.cz\/wp-content\/uploads\/snowdrop-6101818_640.jpg","height":0,"width":0},"wordCount":520,"keywords":null},{"@type":"Article","@id":"https:\/\/www.asimos.cz\/za-plotem-je-klid\/","headline":"Za plotem je klid","url":"https:\/\/www.asimos.cz\/za-plotem-je-klid\/","datePublished":"2024-05-25","dateModified":"2024-06-26","mainEntityOfPage":"https:\/\/www.asimos.cz\/za-plotem-je-klid\/","author":{"@type":"Person","@id":"https:\/\/www.asimos.cz\/author\/devene\/#Person","name":"devene","url":"https:\/\/www.asimos.cz\/author\/devene\/","identifier":1,"image":{"@type":"ImageObject","@id":"https:\/\/secure.gravatar.com\/avatar\/e746f9a3ec3ffe02f5df809714d800d50faf9f4f5ba0a7962a5d8229603fd33b?s=96&d=mm&r=g","url":"https:\/\/secure.gravatar.com\/avatar\/e746f9a3ec3ffe02f5df809714d800d50faf9f4f5ba0a7962a5d8229603fd33b?s=96&d=mm&r=g","height":96,"width":96}},"publisher":{"@type":"Organization","name":"asimos.cz","logo":{"@type":"ImageObject","@id":"\/logo.png","url":"\/logo.png","width":600,"height":60}},"image":{"@type":"ImageObject","@id":"https:\/\/www.asimos.cz\/wp-content\/uploads\/xx_2.jpg","url":"https:\/\/www.asimos.cz\/wp-content\/uploads\/xx_2.jpg","height":0,"width":0},"wordCount":591,"keywords":null},{"@type":"Article","@id":"https:\/\/www.asimos.cz\/politika-je-neustale-na-programu\/","headline":"Politika je neust\u00e1le na programu","url":"https:\/\/www.asimos.cz\/politika-je-neustale-na-programu\/","datePublished":"2024-05-22","dateModified":"2024-05-22","mainEntityOfPage":"https:\/\/www.asimos.cz\/politika-je-neustale-na-programu\/","author":{"@type":"Person","@id":"https:\/\/www.asimos.cz\/author\/devene\/#Person","name":"devene","url":"https:\/\/www.asimos.cz\/author\/devene\/","identifier":1,"image":{"@type":"ImageObject","@id":"https:\/\/secure.gravatar.com\/avatar\/e746f9a3ec3ffe02f5df809714d800d50faf9f4f5ba0a7962a5d8229603fd33b?s=96&d=mm&r=g","url":"https:\/\/secure.gravatar.com\/avatar\/e746f9a3ec3ffe02f5df809714d800d50faf9f4f5ba0a7962a5d8229603fd33b?s=96&d=mm&r=g","height":96,"width":96}},"publisher":{"@type":"Organization","name":"asimos.cz","logo":{"@type":"ImageObject","@id":"\/logo.png","url":"\/logo.png","width":600,"height":60}},"image":{"@type":"ImageObject","@id":"https:\/\/www.asimos.cz\/wp-content\/uploads\/money-gd329a8e25_640_10_10_10_10_10_10_9.jpg","url":"https:\/\/www.asimos.cz\/wp-content\/uploads\/money-gd329a8e25_640_10_10_10_10_10_10_9.jpg","height":0,"width":0},"wordCount":545,"keywords":null},{"@type":"Article","@id":"https:\/\/www.asimos.cz\/jak-si-vzit-spravne-pujcku\/","headline":"Jak si vz\u00edt spr\u00e1vn\u011b p\u016fj\u010dku?","url":"https:\/\/www.asimos.cz\/jak-si-vzit-spravne-pujcku\/","datePublished":"2024-05-18","dateModified":"2024-06-18","mainEntityOfPage":"https:\/\/www.asimos.cz\/jak-si-vzit-spravne-pujcku\/","author":{"@type":"Person","@id":"https:\/\/www.asimos.cz\/author\/devene\/#Person","name":"devene","url":"https:\/\/www.asimos.cz\/author\/devene\/","identifier":1,"image":{"@type":"ImageObject","@id":"https:\/\/secure.gravatar.com\/avatar\/e746f9a3ec3ffe02f5df809714d800d50faf9f4f5ba0a7962a5d8229603fd33b?s=96&d=mm&r=g","url":"https:\/\/secure.gravatar.com\/avatar\/e746f9a3ec3ffe02f5df809714d800d50faf9f4f5ba0a7962a5d8229603fd33b?s=96&d=mm&r=g","height":96,"width":96}},"publisher":{"@type":"Organization","name":"asimos.cz","logo":{"@type":"ImageObject","@id":"\/logo.png","url":"\/logo.png","width":600,"height":60}},"image":{"@type":"ImageObject","@id":"https:\/\/www.asimos.cz\/wp-content\/uploads\/ppppppppppppppppppppppppppppppppppppppppppp_6.jpg","url":"https:\/\/www.asimos.cz\/wp-content\/uploads\/ppppppppppppppppppppppppppppppppppppppppppp_6.jpg","height":0,"width":0},"wordCount":643,"keywords":null},{"@type":"Article","@id":"https:\/\/www.asimos.cz\/podnikani-nemusi-vynaset\/","headline":"Podnik\u00e1n\u00ed nemus\u00ed vyn\u00e1\u0161et","url":"https:\/\/www.asimos.cz\/podnikani-nemusi-vynaset\/","datePublished":"2024-05-17","dateModified":"2024-06-17","mainEntityOfPage":"https:\/\/www.asimos.cz\/podnikani-nemusi-vynaset\/","author":{"@type":"Person","@id":"https:\/\/www.asimos.cz\/author\/devene\/#Person","name":"devene","url":"https:\/\/www.asimos.cz\/author\/devene\/","identifier":1,"image":{"@type":"ImageObject","@id":"https:\/\/secure.gravatar.com\/avatar\/e746f9a3ec3ffe02f5df809714d800d50faf9f4f5ba0a7962a5d8229603fd33b?s=96&d=mm&r=g","url":"https:\/\/secure.gravatar.com\/avatar\/e746f9a3ec3ffe02f5df809714d800d50faf9f4f5ba0a7962a5d8229603fd33b?s=96&d=mm&r=g","height":96,"width":96}},"publisher":{"@type":"Organization","name":"asimos.cz","logo":{"@type":"ImageObject","@id":"\/logo.png","url":"\/logo.png","width":600,"height":60}},"image":{"@type":"ImageObject","@id":"https:\/\/www.asimos.cz\/wp-content\/uploads\/pppppppp_10_2.jpg","url":"https:\/\/www.asimos.cz\/wp-content\/uploads\/pppppppp_10_2.jpg","height":0,"width":0},"wordCount":568,"keywords":null},{"@type":"Article","@id":"https:\/\/www.asimos.cz\/levitra-pro-pany\/","headline":"Levitra pro p\u00e1ny","url":"https:\/\/www.asimos.cz\/levitra-pro-pany\/","datePublished":"2024-05-14","dateModified":"2024-06-17","mainEntityOfPage":"https:\/\/www.asimos.cz\/levitra-pro-pany\/","author":{"@type":"Person","@id":"https:\/\/www.asimos.cz\/author\/devene\/#Person","name":"devene","url":"https:\/\/www.asimos.cz\/author\/devene\/","identifier":1,"image":{"@type":"ImageObject","@id":"https:\/\/secure.gravatar.com\/avatar\/e746f9a3ec3ffe02f5df809714d800d50faf9f4f5ba0a7962a5d8229603fd33b?s=96&d=mm&r=g","url":"https:\/\/secure.gravatar.com\/avatar\/e746f9a3ec3ffe02f5df809714d800d50faf9f4f5ba0a7962a5d8229603fd33b?s=96&d=mm&r=g","height":96,"width":96}},"publisher":{"@type":"Organization","name":"asimos.cz","logo":{"@type":"ImageObject","@id":"\/logo.png","url":"\/logo.png","width":600,"height":60}},"image":{"@type":"ImageObject","@id":"https:\/\/www.asimos.cz\/wp-content\/uploads\/health-621353_1280_7.jpg","url":"https:\/\/www.asimos.cz\/wp-content\/uploads\/health-621353_1280_7.jpg","height":0,"width":0},"wordCount":519,"keywords":null},{"@type":"Article","@id":"https:\/\/www.asimos.cz\/urcite-je-znate\/","headline":"Ur\u010dit\u011b je zn\u00e1te","url":"https:\/\/www.asimos.cz\/urcite-je-znate\/","datePublished":"2024-05-13","dateModified":"2024-06-13","mainEntityOfPage":"https:\/\/www.asimos.cz\/urcite-je-znate\/","author":{"@type":"Person","@id":"https:\/\/www.asimos.cz\/author\/devene\/#Person","name":"devene","url":"https:\/\/www.asimos.cz\/author\/devene\/","identifier":1,"image":{"@type":"ImageObject","@id":"https:\/\/secure.gravatar.com\/avatar\/e746f9a3ec3ffe02f5df809714d800d50faf9f4f5ba0a7962a5d8229603fd33b?s=96&d=mm&r=g","url":"https:\/\/secure.gravatar.com\/avatar\/e746f9a3ec3ffe02f5df809714d800d50faf9f4f5ba0a7962a5d8229603fd33b?s=96&d=mm&r=g","height":96,"width":96}},"publisher":{"@type":"Organization","name":"asimos.cz","logo":{"@type":"ImageObject","@id":"\/logo.png","url":"\/logo.png","width":600,"height":60}},"image":{"@type":"ImageObject","@id":"https:\/\/www.asimos.cz\/wp-content\/uploads\/covid-6517476_640_10_7.jpg","url":"https:\/\/www.asimos.cz\/wp-content\/uploads\/covid-6517476_640_10_7.jpg","height":0,"width":0},"wordCount":511,"keywords":null},{"@type":"Article","@id":"https:\/\/www.asimos.cz\/proc-bychom-nevymenili-vltavu-za-nic-na-svete\/","headline":"Pro\u010d bychom nevym\u011bnili Vltavu za nic na sv\u011bt\u011b","url":"https:\/\/www.asimos.cz\/proc-bychom-nevymenili-vltavu-za-nic-na-svete\/","datePublished":"2024-05-11","dateModified":"2024-06-11","mainEntityOfPage":"https:\/\/www.asimos.cz\/proc-bychom-nevymenili-vltavu-za-nic-na-svete\/","author":{"@type":"Person","@id":"https:\/\/www.asimos.cz\/author\/devene\/#Person","name":"devene","url":"https:\/\/www.asimos.cz\/author\/devene\/","identifier":1,"image":{"@type":"ImageObject","@id":"https:\/\/secure.gravatar.com\/avatar\/e746f9a3ec3ffe02f5df809714d800d50faf9f4f5ba0a7962a5d8229603fd33b?s=96&d=mm&r=g","url":"https:\/\/secure.gravatar.com\/avatar\/e746f9a3ec3ffe02f5df809714d800d50faf9f4f5ba0a7962a5d8229603fd33b?s=96&d=mm&r=g","height":96,"width":96}},"publisher":{"@type":"Organization","name":"asimos.cz","logo":{"@type":"ImageObject","@id":"\/logo.png","url":"\/logo.png","width":600,"height":60}},"image":{"@type":"ImageObject","@id":"https:\/\/www.asimos.cz\/wp-content\/uploads\/czech-krumlov-3857155_640.jpg","url":"https:\/\/www.asimos.cz\/wp-content\/uploads\/czech-krumlov-3857155_640.jpg","height":0,"width":0},"wordCount":647,"keywords":null},{"@type":"Article","@id":"https:\/\/www.asimos.cz\/strizne-nastroje-pro-automobilovy-prumysl-jsou-nepostradatelne\/","headline":"St\u0159i\u017en\u00e9 n\u00e1stroje pro automobilov\u00fd pr\u016fmysl jsou nepostradateln\u00e9","url":"https:\/\/www.asimos.cz\/strizne-nastroje-pro-automobilovy-prumysl-jsou-nepostradatelne\/","datePublished":"2024-05-10","dateModified":"2024-05-10","mainEntityOfPage":"https:\/\/www.asimos.cz\/strizne-nastroje-pro-automobilovy-prumysl-jsou-nepostradatelne\/","author":{"@type":"Person","@id":"https:\/\/www.asimos.cz\/author\/devene\/#Person","name":"devene","url":"https:\/\/www.asimos.cz\/author\/devene\/","identifier":1,"image":{"@type":"ImageObject","@id":"https:\/\/secure.gravatar.com\/avatar\/e746f9a3ec3ffe02f5df809714d800d50faf9f4f5ba0a7962a5d8229603fd33b?s=96&d=mm&r=g","url":"https:\/\/secure.gravatar.com\/avatar\/e746f9a3ec3ffe02f5df809714d800d50faf9f4f5ba0a7962a5d8229603fd33b?s=96&d=mm&r=g","height":96,"width":96}},"publisher":{"@type":"Organization","name":"asimos.cz","logo":{"@type":"ImageObject","@id":"\/logo.png","url":"\/logo.png","width":600,"height":60}},"image":{"@type":"ImageObject","@id":"https:\/\/www.asimos.cz\/wp-content\/uploads\/car-604019_640_10_9.jpg","url":"https:\/\/www.asimos.cz\/wp-content\/uploads\/car-604019_640_10_9.jpg","height":0,"width":0},"wordCount":551,"keywords":null}]},{"@context":"https:\/\/schema.org","@type":"WebSite","@id":"https:\/\/www.asimos.cz\/#website","name":"Asimos","url":"https:\/\/www.asimos.cz","potentialAction":{"@type":"SearchAction","target":"https:\/\/www.asimos.cz\/?s={search_term_string}","query-input":"required name=search_term_string"}}]