[{"@context":"https:\/\/schema.org\/","@type":"Blog","@id":"https:\/\/www.asimos.cz#Blog","headline":"Asimos","description":"\nLid\u00e9 nejsou na sv\u00e9 probl\u00e9my \u010dasto sami. A je to dob\u0159e. A kdy\u017e jim zd\u00e1nliv\u011b nem\u00e1 kdo pomoci, pro\u010d to nezkusit i s\u00a0t\u00edmto webem, jen\u017e nab\u00edz\u00ed pomocnou ruku?","url":"https:\/\/www.asimos.cz","hasPart":[{"@type":"Article","@id":"https:\/\/www.asimos.cz\/kdy-je-vhodne-jet-na-dovolenou\/","headline":"Kdy je vhodn\u00e9 jet na dovolenou","url":"https:\/\/www.asimos.cz\/kdy-je-vhodne-jet-na-dovolenou\/","datePublished":"2023-11-29","dateModified":"2023-11-29","mainEntityOfPage":"https:\/\/www.asimos.cz\/kdy-je-vhodne-jet-na-dovolenou\/","author":{"@type":"Person","@id":"https:\/\/www.asimos.cz\/author\/devene\/#Person","name":"devene","url":"https:\/\/www.asimos.cz\/author\/devene\/","identifier":1,"image":{"@type":"ImageObject","@id":"https:\/\/secure.gravatar.com\/avatar\/e746f9a3ec3ffe02f5df809714d800d50faf9f4f5ba0a7962a5d8229603fd33b?s=96&d=mm&r=g","url":"https:\/\/secure.gravatar.com\/avatar\/e746f9a3ec3ffe02f5df809714d800d50faf9f4f5ba0a7962a5d8229603fd33b?s=96&d=mm&r=g","height":96,"width":96}},"publisher":{"@type":"Organization","name":"asimos.cz","logo":{"@type":"ImageObject","@id":"\/logo.png","url":"\/logo.png","width":600,"height":60}},"image":{"@type":"ImageObject","@id":"https:\/\/www.asimos.cz\/wp-content\/uploads\/cestovani2_10.jpg","url":"https:\/\/www.asimos.cz\/wp-content\/uploads\/cestovani2_10.jpg","height":0,"width":0},"wordCount":564,"keywords":null},{"@type":"Article","@id":"https:\/\/www.asimos.cz\/proc-nekteri-lide-zavrhuji-ideu-evoluce\/","headline":"Pro\u010d n\u011bkte\u0159\u00ed lid\u00e9 zavrhuj\u00ed ideu evoluce","url":"https:\/\/www.asimos.cz\/proc-nekteri-lide-zavrhuji-ideu-evoluce\/","datePublished":"2023-11-13","dateModified":"2023-11-13","mainEntityOfPage":"https:\/\/www.asimos.cz\/proc-nekteri-lide-zavrhuji-ideu-evoluce\/","author":{"@type":"Person","@id":"https:\/\/www.asimos.cz\/author\/devene\/#Person","name":"devene","url":"https:\/\/www.asimos.cz\/author\/devene\/","identifier":1,"image":{"@type":"ImageObject","@id":"https:\/\/secure.gravatar.com\/avatar\/e746f9a3ec3ffe02f5df809714d800d50faf9f4f5ba0a7962a5d8229603fd33b?s=96&d=mm&r=g","url":"https:\/\/secure.gravatar.com\/avatar\/e746f9a3ec3ffe02f5df809714d800d50faf9f4f5ba0a7962a5d8229603fd33b?s=96&d=mm&r=g","height":96,"width":96}},"publisher":{"@type":"Organization","name":"asimos.cz","logo":{"@type":"ImageObject","@id":"\/logo.png","url":"\/logo.png","width":600,"height":60}},"image":{"@type":"ImageObject","@id":"https:\/\/www.asimos.cz\/wp-content\/uploads\/vacnatci2_1.jpg","url":"https:\/\/www.asimos.cz\/wp-content\/uploads\/vacnatci2_1.jpg","height":0,"width":0},"wordCount":538,"keywords":null},{"@type":"Article","@id":"https:\/\/www.asimos.cz\/moderni-kalhoty\/","headline":"Modern\u00ed kalhoty","url":"https:\/\/www.asimos.cz\/moderni-kalhoty\/","datePublished":"2023-11-08","dateModified":"2023-11-08","mainEntityOfPage":"https:\/\/www.asimos.cz\/moderni-kalhoty\/","author":{"@type":"Person","@id":"https:\/\/www.asimos.cz\/author\/devene\/#Person","name":"devene","url":"https:\/\/www.asimos.cz\/author\/devene\/","identifier":1,"image":{"@type":"ImageObject","@id":"https:\/\/secure.gravatar.com\/avatar\/e746f9a3ec3ffe02f5df809714d800d50faf9f4f5ba0a7962a5d8229603fd33b?s=96&d=mm&r=g","url":"https:\/\/secure.gravatar.com\/avatar\/e746f9a3ec3ffe02f5df809714d800d50faf9f4f5ba0a7962a5d8229603fd33b?s=96&d=mm&r=g","height":96,"width":96}},"publisher":{"@type":"Organization","name":"asimos.cz","logo":{"@type":"ImageObject","@id":"\/logo.png","url":"\/logo.png","width":600,"height":60}},"image":{"@type":"ImageObject","@id":"https:\/\/www.asimos.cz\/wp-content\/uploads\/man-1283944_960_720.jpg","url":"https:\/\/www.asimos.cz\/wp-content\/uploads\/man-1283944_960_720.jpg","height":0,"width":0},"wordCount":550,"keywords":null},{"@type":"Article","@id":"https:\/\/www.asimos.cz\/kdyz-mate-strach-ostraha-objektu-to-vyresi\/","headline":"Kdy\u017e m\u00e1te strach, ostraha objekt\u016f to vy\u0159e\u0161\u00ed","url":"https:\/\/www.asimos.cz\/kdyz-mate-strach-ostraha-objektu-to-vyresi\/","datePublished":"2023-10-27","dateModified":"2023-10-27","mainEntityOfPage":"https:\/\/www.asimos.cz\/kdyz-mate-strach-ostraha-objektu-to-vyresi\/","author":{"@type":"Person","@id":"https:\/\/www.asimos.cz\/author\/devene\/#Person","name":"devene","url":"https:\/\/www.asimos.cz\/author\/devene\/","identifier":1,"image":{"@type":"ImageObject","@id":"https:\/\/secure.gravatar.com\/avatar\/e746f9a3ec3ffe02f5df809714d800d50faf9f4f5ba0a7962a5d8229603fd33b?s=96&d=mm&r=g","url":"https:\/\/secure.gravatar.com\/avatar\/e746f9a3ec3ffe02f5df809714d800d50faf9f4f5ba0a7962a5d8229603fd33b?s=96&d=mm&r=g","height":96,"width":96}},"publisher":{"@type":"Organization","name":"asimos.cz","logo":{"@type":"ImageObject","@id":"\/logo.png","url":"\/logo.png","width":600,"height":60}},"image":null,"wordCount":272,"keywords":null},{"@type":"Article","@id":"https:\/\/www.asimos.cz\/i-na-politice-zalezi\/","headline":"I na politice z\u00e1le\u017e\u00ed","url":"https:\/\/www.asimos.cz\/i-na-politice-zalezi\/","datePublished":"2023-10-03","dateModified":"2024-06-04","mainEntityOfPage":"https:\/\/www.asimos.cz\/i-na-politice-zalezi\/","author":{"@type":"Person","@id":"https:\/\/www.asimos.cz\/author\/devene\/#Person","name":"devene","url":"https:\/\/www.asimos.cz\/author\/devene\/","identifier":1,"image":{"@type":"ImageObject","@id":"https:\/\/secure.gravatar.com\/avatar\/e746f9a3ec3ffe02f5df809714d800d50faf9f4f5ba0a7962a5d8229603fd33b?s=96&d=mm&r=g","url":"https:\/\/secure.gravatar.com\/avatar\/e746f9a3ec3ffe02f5df809714d800d50faf9f4f5ba0a7962a5d8229603fd33b?s=96&d=mm&r=g","height":96,"width":96}},"publisher":{"@type":"Organization","name":"asimos.cz","logo":{"@type":"ImageObject","@id":"\/logo.png","url":"\/logo.png","width":600,"height":60}},"image":{"@type":"ImageObject","@id":"https:\/\/www.asimos.cz\/wp-content\/uploads\/ppppppp_10_2.jpg","url":"https:\/\/www.asimos.cz\/wp-content\/uploads\/ppppppp_10_2.jpg","height":0,"width":0},"wordCount":664,"keywords":null},{"@type":"Article","@id":"https:\/\/www.asimos.cz\/elektricka-kola-se-tesi-velke-oblibe-po-cele-evrope\/","headline":"Elektrick\u00e1 kola se t\u011b\u0161\u00ed velk\u00e9 oblib\u011b po cel\u00e9 Evrop\u011b","url":"https:\/\/www.asimos.cz\/elektricka-kola-se-tesi-velke-oblibe-po-cele-evrope\/","datePublished":"2023-09-22","dateModified":"2023-09-22","mainEntityOfPage":"https:\/\/www.asimos.cz\/elektricka-kola-se-tesi-velke-oblibe-po-cele-evrope\/","author":{"@type":"Person","@id":"https:\/\/www.asimos.cz\/author\/devene\/#Person","name":"devene","url":"https:\/\/www.asimos.cz\/author\/devene\/","identifier":1,"image":{"@type":"ImageObject","@id":"https:\/\/secure.gravatar.com\/avatar\/e746f9a3ec3ffe02f5df809714d800d50faf9f4f5ba0a7962a5d8229603fd33b?s=96&d=mm&r=g","url":"https:\/\/secure.gravatar.com\/avatar\/e746f9a3ec3ffe02f5df809714d800d50faf9f4f5ba0a7962a5d8229603fd33b?s=96&d=mm&r=g","height":96,"width":96}},"publisher":{"@type":"Organization","name":"asimos.cz","logo":{"@type":"ImageObject","@id":"\/logo.png","url":"\/logo.png","width":600,"height":60}},"image":null,"wordCount":286,"keywords":null},{"@type":"Article","@id":"https:\/\/www.asimos.cz\/kdo-by-rad-prisel-o-sex\/","headline":"Kdo by r\u00e1d p\u0159i\u0161el o sex?","url":"https:\/\/www.asimos.cz\/kdo-by-rad-prisel-o-sex\/","datePublished":"2023-09-20","dateModified":"2023-09-20","mainEntityOfPage":"https:\/\/www.asimos.cz\/kdo-by-rad-prisel-o-sex\/","author":{"@type":"Person","@id":"https:\/\/www.asimos.cz\/author\/devene\/#Person","name":"devene","url":"https:\/\/www.asimos.cz\/author\/devene\/","identifier":1,"image":{"@type":"ImageObject","@id":"https:\/\/secure.gravatar.com\/avatar\/e746f9a3ec3ffe02f5df809714d800d50faf9f4f5ba0a7962a5d8229603fd33b?s=96&d=mm&r=g","url":"https:\/\/secure.gravatar.com\/avatar\/e746f9a3ec3ffe02f5df809714d800d50faf9f4f5ba0a7962a5d8229603fd33b?s=96&d=mm&r=g","height":96,"width":96}},"publisher":{"@type":"Organization","name":"asimos.cz","logo":{"@type":"ImageObject","@id":"\/logo.png","url":"\/logo.png","width":600,"height":60}},"image":{"@type":"ImageObject","@id":"https:\/\/www.asimos.cz\/wp-content\/uploads\/eeeeeeeeeeeeeeeeeeeeeeeeeeeeeee_2.jpg","url":"https:\/\/www.asimos.cz\/wp-content\/uploads\/eeeeeeeeeeeeeeeeeeeeeeeeeeeeeee_2.jpg","height":0,"width":0},"wordCount":647,"keywords":null},{"@type":"Article","@id":"https:\/\/www.asimos.cz\/pocitacove-kurzy\/","headline":"Po\u010d\u00edta\u010dov\u00e9 kurzy","url":"https:\/\/www.asimos.cz\/pocitacove-kurzy\/","datePublished":"2023-09-17","dateModified":"2024-06-17","mainEntityOfPage":"https:\/\/www.asimos.cz\/pocitacove-kurzy\/","author":{"@type":"Person","@id":"https:\/\/www.asimos.cz\/author\/devene\/#Person","name":"devene","url":"https:\/\/www.asimos.cz\/author\/devene\/","identifier":1,"image":{"@type":"ImageObject","@id":"https:\/\/secure.gravatar.com\/avatar\/e746f9a3ec3ffe02f5df809714d800d50faf9f4f5ba0a7962a5d8229603fd33b?s=96&d=mm&r=g","url":"https:\/\/secure.gravatar.com\/avatar\/e746f9a3ec3ffe02f5df809714d800d50faf9f4f5ba0a7962a5d8229603fd33b?s=96&d=mm&r=g","height":96,"width":96}},"publisher":{"@type":"Organization","name":"asimos.cz","logo":{"@type":"ImageObject","@id":"\/logo.png","url":"\/logo.png","width":600,"height":60}},"image":{"@type":"ImageObject","@id":"https:\/\/www.asimos.cz\/wp-content\/uploads\/playstation-1845880_1280_1.jpg","url":"https:\/\/www.asimos.cz\/wp-content\/uploads\/playstation-1845880_1280_1.jpg","height":0,"width":0},"wordCount":539,"keywords":null},{"@type":"Article","@id":"https:\/\/www.asimos.cz\/proverte-sve-schopnosti\/","headline":"Prov\u011b\u0159te sv\u00e9 schopnosti","url":"https:\/\/www.asimos.cz\/proverte-sve-schopnosti\/","datePublished":"2023-08-17","dateModified":"2023-08-17","mainEntityOfPage":"https:\/\/www.asimos.cz\/proverte-sve-schopnosti\/","author":{"@type":"Person","@id":"https:\/\/www.asimos.cz\/author\/devene\/#Person","name":"devene","url":"https:\/\/www.asimos.cz\/author\/devene\/","identifier":1,"image":{"@type":"ImageObject","@id":"https:\/\/secure.gravatar.com\/avatar\/e746f9a3ec3ffe02f5df809714d800d50faf9f4f5ba0a7962a5d8229603fd33b?s=96&d=mm&r=g","url":"https:\/\/secure.gravatar.com\/avatar\/e746f9a3ec3ffe02f5df809714d800d50faf9f4f5ba0a7962a5d8229603fd33b?s=96&d=mm&r=g","height":96,"width":96}},"publisher":{"@type":"Organization","name":"asimos.cz","logo":{"@type":"ImageObject","@id":"\/logo.png","url":"\/logo.png","width":600,"height":60}},"image":null,"wordCount":274,"keywords":null},{"@type":"Article","@id":"https:\/\/www.asimos.cz\/pocitacovy-technik\/","headline":"Po\u010d\u00edta\u010dov\u00fd technik","url":"https:\/\/www.asimos.cz\/pocitacovy-technik\/","datePublished":"2023-07-28","dateModified":"2024-06-28","mainEntityOfPage":"https:\/\/www.asimos.cz\/pocitacovy-technik\/","author":{"@type":"Person","@id":"https:\/\/www.asimos.cz\/author\/devene\/#Person","name":"devene","url":"https:\/\/www.asimos.cz\/author\/devene\/","identifier":1,"image":{"@type":"ImageObject","@id":"https:\/\/secure.gravatar.com\/avatar\/e746f9a3ec3ffe02f5df809714d800d50faf9f4f5ba0a7962a5d8229603fd33b?s=96&d=mm&r=g","url":"https:\/\/secure.gravatar.com\/avatar\/e746f9a3ec3ffe02f5df809714d800d50faf9f4f5ba0a7962a5d8229603fd33b?s=96&d=mm&r=g","height":96,"width":96}},"publisher":{"@type":"Organization","name":"asimos.cz","logo":{"@type":"ImageObject","@id":"\/logo.png","url":"\/logo.png","width":600,"height":60}},"image":{"@type":"ImageObject","@id":"https:\/\/www.asimos.cz\/wp-content\/uploads\/keyboard-2928960_960_720.jpg","url":"https:\/\/www.asimos.cz\/wp-content\/uploads\/keyboard-2928960_960_720.jpg","height":0,"width":0},"wordCount":539,"keywords":null}]},{"@context":"https:\/\/schema.org","@type":"WebSite","@id":"https:\/\/www.asimos.cz\/#website","name":"Asimos","url":"https:\/\/www.asimos.cz","potentialAction":{"@type":"SearchAction","target":"https:\/\/www.asimos.cz\/?s={search_term_string}","query-input":"required name=search_term_string"}}]