[{"@context":"https:\/\/schema.org\/","@type":"Blog","@id":"https:\/\/www.asimos.cz#Blog","headline":"Asimos","description":"\nLid\u00e9 nejsou na sv\u00e9 probl\u00e9my \u010dasto sami. A je to dob\u0159e. A kdy\u017e jim zd\u00e1nliv\u011b nem\u00e1 kdo pomoci, pro\u010d to nezkusit i s\u00a0t\u00edmto webem, jen\u017e nab\u00edz\u00ed pomocnou ruku?","url":"https:\/\/www.asimos.cz","hasPart":[{"@type":"Article","@id":"https:\/\/www.asimos.cz\/osvobodte-se-od-sveho-problemu\/","headline":"Osvobo\u010fte se od sv\u00e9ho probl\u00e9mu","url":"https:\/\/www.asimos.cz\/osvobodte-se-od-sveho-problemu\/","datePublished":"2023-07-09","dateModified":"2023-07-09","mainEntityOfPage":"https:\/\/www.asimos.cz\/osvobodte-se-od-sveho-problemu\/","author":{"@type":"Person","@id":"https:\/\/www.asimos.cz\/author\/devene\/#Person","name":"devene","url":"https:\/\/www.asimos.cz\/author\/devene\/","identifier":1,"image":{"@type":"ImageObject","@id":"https:\/\/secure.gravatar.com\/avatar\/e746f9a3ec3ffe02f5df809714d800d50faf9f4f5ba0a7962a5d8229603fd33b?s=96&d=mm&r=g","url":"https:\/\/secure.gravatar.com\/avatar\/e746f9a3ec3ffe02f5df809714d800d50faf9f4f5ba0a7962a5d8229603fd33b?s=96&d=mm&r=g","height":96,"width":96}},"publisher":{"@type":"Organization","name":"asimos.cz","logo":{"@type":"ImageObject","@id":"\/logo.png","url":"\/logo.png","width":600,"height":60}},"image":null,"wordCount":280,"keywords":null},{"@type":"Article","@id":"https:\/\/www.asimos.cz\/erekce-uzce-souvisi-s-psychikou\/","headline":"Erekce \u00fazce souvis\u00ed s psychikou","url":"https:\/\/www.asimos.cz\/erekce-uzce-souvisi-s-psychikou\/","datePublished":"2023-07-07","dateModified":"2023-07-07","mainEntityOfPage":"https:\/\/www.asimos.cz\/erekce-uzce-souvisi-s-psychikou\/","author":{"@type":"Person","@id":"https:\/\/www.asimos.cz\/author\/devene\/#Person","name":"devene","url":"https:\/\/www.asimos.cz\/author\/devene\/","identifier":1,"image":{"@type":"ImageObject","@id":"https:\/\/secure.gravatar.com\/avatar\/e746f9a3ec3ffe02f5df809714d800d50faf9f4f5ba0a7962a5d8229603fd33b?s=96&d=mm&r=g","url":"https:\/\/secure.gravatar.com\/avatar\/e746f9a3ec3ffe02f5df809714d800d50faf9f4f5ba0a7962a5d8229603fd33b?s=96&d=mm&r=g","height":96,"width":96}},"publisher":{"@type":"Organization","name":"asimos.cz","logo":{"@type":"ImageObject","@id":"\/logo.png","url":"\/logo.png","width":600,"height":60}},"image":{"@type":"ImageObject","@id":"https:\/\/www.asimos.cz\/wp-content\/uploads\/girl-geab3e124d_640.jpg","url":"https:\/\/www.asimos.cz\/wp-content\/uploads\/girl-geab3e124d_640.jpg","height":0,"width":0},"wordCount":576,"keywords":null},{"@type":"Article","@id":"https:\/\/www.asimos.cz\/s-laskou-to-vzdy-nemusi-dopadnout-podle-nasich-predstav\/","headline":"S l\u00e1skou to v\u017edy nemus\u00ed dopadnout podle na\u0161ich p\u0159edstav","url":"https:\/\/www.asimos.cz\/s-laskou-to-vzdy-nemusi-dopadnout-podle-nasich-predstav\/","datePublished":"2023-06-28","dateModified":"2024-06-04","mainEntityOfPage":"https:\/\/www.asimos.cz\/s-laskou-to-vzdy-nemusi-dopadnout-podle-nasich-predstav\/","author":{"@type":"Person","@id":"https:\/\/www.asimos.cz\/author\/devene\/#Person","name":"devene","url":"https:\/\/www.asimos.cz\/author\/devene\/","identifier":1,"image":{"@type":"ImageObject","@id":"https:\/\/secure.gravatar.com\/avatar\/e746f9a3ec3ffe02f5df809714d800d50faf9f4f5ba0a7962a5d8229603fd33b?s=96&d=mm&r=g","url":"https:\/\/secure.gravatar.com\/avatar\/e746f9a3ec3ffe02f5df809714d800d50faf9f4f5ba0a7962a5d8229603fd33b?s=96&d=mm&r=g","height":96,"width":96}},"publisher":{"@type":"Organization","name":"asimos.cz","logo":{"@type":"ImageObject","@id":"\/logo.png","url":"\/logo.png","width":600,"height":60}},"image":{"@type":"ImageObject","@id":"https:\/\/www.asimos.cz\/wp-content\/uploads\/people-2608145_640.jpg","url":"https:\/\/www.asimos.cz\/wp-content\/uploads\/people-2608145_640.jpg","height":0,"width":0},"wordCount":548,"keywords":null},{"@type":"Article","@id":"https:\/\/www.asimos.cz\/odpocinek-pod-slunecnikem\/","headline":"Odpo\u010dinek pod slune\u010dn\u00edkem","url":"https:\/\/www.asimos.cz\/odpocinek-pod-slunecnikem\/","datePublished":"2023-06-02","dateModified":"2024-06-07","mainEntityOfPage":"https:\/\/www.asimos.cz\/odpocinek-pod-slunecnikem\/","author":{"@type":"Person","@id":"https:\/\/www.asimos.cz\/author\/devene\/#Person","name":"devene","url":"https:\/\/www.asimos.cz\/author\/devene\/","identifier":1,"image":{"@type":"ImageObject","@id":"https:\/\/secure.gravatar.com\/avatar\/e746f9a3ec3ffe02f5df809714d800d50faf9f4f5ba0a7962a5d8229603fd33b?s=96&d=mm&r=g","url":"https:\/\/secure.gravatar.com\/avatar\/e746f9a3ec3ffe02f5df809714d800d50faf9f4f5ba0a7962a5d8229603fd33b?s=96&d=mm&r=g","height":96,"width":96}},"publisher":{"@type":"Organization","name":"asimos.cz","logo":{"@type":"ImageObject","@id":"\/logo.png","url":"\/logo.png","width":600,"height":60}},"image":null,"wordCount":309,"keywords":null},{"@type":"Article","@id":"https:\/\/www.asimos.cz\/vodak-bez-vlastni-lode-to-prece-nejde\/","headline":"Vod\u00e1k bez vlastn\u00ed lod\u011b? To p\u0159ece nejde!","url":"https:\/\/www.asimos.cz\/vodak-bez-vlastni-lode-to-prece-nejde\/","datePublished":"2023-05-30","dateModified":"2024-06-04","mainEntityOfPage":"https:\/\/www.asimos.cz\/vodak-bez-vlastni-lode-to-prece-nejde\/","author":{"@type":"Person","@id":"https:\/\/www.asimos.cz\/author\/devene\/#Person","name":"devene","url":"https:\/\/www.asimos.cz\/author\/devene\/","identifier":1,"image":{"@type":"ImageObject","@id":"https:\/\/secure.gravatar.com\/avatar\/e746f9a3ec3ffe02f5df809714d800d50faf9f4f5ba0a7962a5d8229603fd33b?s=96&d=mm&r=g","url":"https:\/\/secure.gravatar.com\/avatar\/e746f9a3ec3ffe02f5df809714d800d50faf9f4f5ba0a7962a5d8229603fd33b?s=96&d=mm&r=g","height":96,"width":96}},"publisher":{"@type":"Organization","name":"asimos.cz","logo":{"@type":"ImageObject","@id":"\/logo.png","url":"\/logo.png","width":600,"height":60}},"image":null,"wordCount":285,"keywords":null},{"@type":"Article","@id":"https:\/\/www.asimos.cz\/nac-hledat-na-desitkach-seznamek-kdyz-vam-staci-ta-nase\/","headline":"Na\u010d hledat na des\u00edtk\u00e1ch seznamek, kdy\u017e v\u00e1m sta\u010d\u00ed ta na\u0161e?","url":"https:\/\/www.asimos.cz\/nac-hledat-na-desitkach-seznamek-kdyz-vam-staci-ta-nase\/","datePublished":"2023-05-30","dateModified":"2024-06-04","mainEntityOfPage":"https:\/\/www.asimos.cz\/nac-hledat-na-desitkach-seznamek-kdyz-vam-staci-ta-nase\/","author":{"@type":"Person","@id":"https:\/\/www.asimos.cz\/author\/devene\/#Person","name":"devene","url":"https:\/\/www.asimos.cz\/author\/devene\/","identifier":1,"image":{"@type":"ImageObject","@id":"https:\/\/secure.gravatar.com\/avatar\/e746f9a3ec3ffe02f5df809714d800d50faf9f4f5ba0a7962a5d8229603fd33b?s=96&d=mm&r=g","url":"https:\/\/secure.gravatar.com\/avatar\/e746f9a3ec3ffe02f5df809714d800d50faf9f4f5ba0a7962a5d8229603fd33b?s=96&d=mm&r=g","height":96,"width":96}},"publisher":{"@type":"Organization","name":"asimos.cz","logo":{"@type":"ImageObject","@id":"\/logo.png","url":"\/logo.png","width":600,"height":60}},"image":null,"wordCount":283,"keywords":null},{"@type":"Article","@id":"https:\/\/www.asimos.cz\/samostatny-byt\/","headline":"Samostatn\u00fd byt","url":"https:\/\/www.asimos.cz\/samostatny-byt\/","datePublished":"2023-05-25","dateModified":"2024-06-04","mainEntityOfPage":"https:\/\/www.asimos.cz\/samostatny-byt\/","author":{"@type":"Person","@id":"https:\/\/www.asimos.cz\/author\/devene\/#Person","name":"devene","url":"https:\/\/www.asimos.cz\/author\/devene\/","identifier":1,"image":{"@type":"ImageObject","@id":"https:\/\/secure.gravatar.com\/avatar\/e746f9a3ec3ffe02f5df809714d800d50faf9f4f5ba0a7962a5d8229603fd33b?s=96&d=mm&r=g","url":"https:\/\/secure.gravatar.com\/avatar\/e746f9a3ec3ffe02f5df809714d800d50faf9f4f5ba0a7962a5d8229603fd33b?s=96&d=mm&r=g","height":96,"width":96}},"publisher":{"@type":"Organization","name":"asimos.cz","logo":{"@type":"ImageObject","@id":"\/logo.png","url":"\/logo.png","width":600,"height":60}},"image":null,"wordCount":283,"keywords":null},{"@type":"Article","@id":"https:\/\/www.asimos.cz\/zmena-je-zivot\/","headline":"Zm\u011bna je \u017eivot","url":"https:\/\/www.asimos.cz\/zmena-je-zivot\/","datePublished":"2023-05-24","dateModified":"2024-05-27","mainEntityOfPage":"https:\/\/www.asimos.cz\/zmena-je-zivot\/","author":{"@type":"Person","@id":"https:\/\/www.asimos.cz\/author\/devene\/#Person","name":"devene","url":"https:\/\/www.asimos.cz\/author\/devene\/","identifier":1,"image":{"@type":"ImageObject","@id":"https:\/\/secure.gravatar.com\/avatar\/e746f9a3ec3ffe02f5df809714d800d50faf9f4f5ba0a7962a5d8229603fd33b?s=96&d=mm&r=g","url":"https:\/\/secure.gravatar.com\/avatar\/e746f9a3ec3ffe02f5df809714d800d50faf9f4f5ba0a7962a5d8229603fd33b?s=96&d=mm&r=g","height":96,"width":96}},"publisher":{"@type":"Organization","name":"asimos.cz","logo":{"@type":"ImageObject","@id":"\/logo.png","url":"\/logo.png","width":600,"height":60}},"image":null,"wordCount":319,"keywords":null},{"@type":"Article","@id":"https:\/\/www.asimos.cz\/zvecnete-svuj-pohyb\/","headline":"Zv\u011b\u010dn\u011bte sv\u016fj pohyb","url":"https:\/\/www.asimos.cz\/zvecnete-svuj-pohyb\/","datePublished":"2023-05-24","dateModified":"2024-05-27","mainEntityOfPage":"https:\/\/www.asimos.cz\/zvecnete-svuj-pohyb\/","author":{"@type":"Person","@id":"https:\/\/www.asimos.cz\/author\/devene\/#Person","name":"devene","url":"https:\/\/www.asimos.cz\/author\/devene\/","identifier":1,"image":{"@type":"ImageObject","@id":"https:\/\/secure.gravatar.com\/avatar\/e746f9a3ec3ffe02f5df809714d800d50faf9f4f5ba0a7962a5d8229603fd33b?s=96&d=mm&r=g","url":"https:\/\/secure.gravatar.com\/avatar\/e746f9a3ec3ffe02f5df809714d800d50faf9f4f5ba0a7962a5d8229603fd33b?s=96&d=mm&r=g","height":96,"width":96}},"publisher":{"@type":"Organization","name":"asimos.cz","logo":{"@type":"ImageObject","@id":"\/logo.png","url":"\/logo.png","width":600,"height":60}},"image":null,"wordCount":285,"keywords":null},{"@type":"Article","@id":"https:\/\/www.asimos.cz\/dovolena-na-klic\/","headline":"Dovolen\u00e1 na kl\u00ed\u010d","url":"https:\/\/www.asimos.cz\/dovolena-na-klic\/","datePublished":"2023-05-22","dateModified":"2024-05-24","mainEntityOfPage":"https:\/\/www.asimos.cz\/dovolena-na-klic\/","author":{"@type":"Person","@id":"https:\/\/www.asimos.cz\/author\/devene\/#Person","name":"devene","url":"https:\/\/www.asimos.cz\/author\/devene\/","identifier":1,"image":{"@type":"ImageObject","@id":"https:\/\/secure.gravatar.com\/avatar\/e746f9a3ec3ffe02f5df809714d800d50faf9f4f5ba0a7962a5d8229603fd33b?s=96&d=mm&r=g","url":"https:\/\/secure.gravatar.com\/avatar\/e746f9a3ec3ffe02f5df809714d800d50faf9f4f5ba0a7962a5d8229603fd33b?s=96&d=mm&r=g","height":96,"width":96}},"publisher":{"@type":"Organization","name":"asimos.cz","logo":{"@type":"ImageObject","@id":"\/logo.png","url":"\/logo.png","width":600,"height":60}},"image":null,"wordCount":287,"keywords":null}]},{"@context":"https:\/\/schema.org","@type":"WebSite","@id":"https:\/\/www.asimos.cz\/#website","name":"Asimos","url":"https:\/\/www.asimos.cz","potentialAction":{"@type":"SearchAction","target":"https:\/\/www.asimos.cz\/?s={search_term_string}","query-input":"required name=search_term_string"}}]