[{"@context":"https:\/\/schema.org\/","@type":"Article","@id":"https:\/\/www.asimos.cz\/politika-je-neustale-na-programu\/#Article","mainEntityOfPage":"https:\/\/www.asimos.cz\/politika-je-neustale-na-programu\/","headline":"Politika je neust\u00e1le na programu","name":"Politika je neust\u00e1le na programu","description":"Neust\u00e1le taky sly\u0161\u00edte to sam\u00e9 dokola? Jako j\u00e1? Samoz\u0159ejm\u011b, mluv\u00edm o tom, \u017ee se \u010dasto mluv\u00ed neust\u00e1le o politice, a to opravdu sl\u00fdch\u00e1m ka\u017ed\u00fd den. Samoz\u0159ejm\u011b, politika je velice zdlouhav\u00e9 t\u00e9ma a takov\u00e9 t\u00e9ma by se opravdu mohlo prob\u00edrat naprosto &hellip; ","datePublished":"2024-05-22","dateModified":"2024-05-22","author":{"@type":"Person","@id":"https:\/\/www.asimos.cz\/author\/devene\/#Person","name":"devene","url":"https:\/\/www.asimos.cz\/author\/devene\/","identifier":1,"image":{"@type":"ImageObject","@id":"https:\/\/secure.gravatar.com\/avatar\/e746f9a3ec3ffe02f5df809714d800d50faf9f4f5ba0a7962a5d8229603fd33b?s=96&d=mm&r=g","url":"https:\/\/secure.gravatar.com\/avatar\/e746f9a3ec3ffe02f5df809714d800d50faf9f4f5ba0a7962a5d8229603fd33b?s=96&d=mm&r=g","height":96,"width":96}},"publisher":{"@type":"Organization","name":"asimos.cz","logo":{"@type":"ImageObject","@id":"\/logo.png","url":"\/logo.png","width":600,"height":60}},"image":{"@type":"ImageObject","@id":"https:\/\/www.asimos.cz\/wp-content\/uploads\/money-gd329a8e25_640_10_10_10_10_10_10_9.jpg","url":"https:\/\/www.asimos.cz\/wp-content\/uploads\/money-gd329a8e25_640_10_10_10_10_10_10_9.jpg","height":0,"width":0},"url":"https:\/\/www.asimos.cz\/politika-je-neustale-na-programu\/","about":["Politika"],"wordCount":469,"articleBody":"Neust\u00e1le taky sly\u0161\u00edte to sam\u00e9 dokola? Jako j\u00e1? Samoz\u0159ejm\u011b, mluv\u00edm o tom, \u017ee se \u010dasto mluv\u00ed neust\u00e1le o politice, a to opravdu sl\u00fdch\u00e1m ka\u017ed\u00fd den. Samoz\u0159ejm\u011b, politika je velice zdlouhav\u00e9 t\u00e9ma a takov\u00e9 t\u00e9ma by se opravdu mohlo prob\u00edrat naprosto ka\u017ed\u00fd den. Proto\u017ee po\u0159\u00e1d je o politice co prob\u00edrat. Opravdu politika je naprosto na denn\u00edm po\u0159\u00e1dku. Samoz\u0159ejm\u011b, v\u017edycky je lep\u0161\u00ed to moc nep\u0159eh\u00e1n\u011bt, proto\u017ee \u010d\u00edm v\u00edc to budeme p\u0159eh\u00e1n\u011bt, tak prost\u011b n\u00e1s u\u017e nic pak nebav\u00ed a nebude bavit, a je pot\u0159eba se v \u017eivot\u011b zam\u011b\u0159it i na jin\u00e9 v\u011bci, nejenom pr\u00e1v\u011b na tu politiku, proto\u017ee bychom se z toho opravdu brzy zbl\u00e1znili. Samoz\u0159ejm\u011b, v \u017eivot\u011b pro n\u00e1s je v\u0161echno d\u016fle\u017eit\u00e9, ale opravdu, jak se \u0159\u00edk\u00e1, nic se nem\u00e1 p\u0159eh\u00e1n\u011bt. V\u017edycky hlavn\u011b o politice mluvili star\u0161\u00ed lid\u00e9, ale te\u010f potk\u00e1v\u00e1m u\u017e mnoho mlad\u00fdch lid\u00ed, kte\u0159\u00ed opravdu se o tu politiku zaj\u00edmaj\u00ed a opravdu to hodn\u011b \u0159e\u0161\u00ed, proto\u017ee opravdu, kdy\u017e n\u00e1s n\u011bco nebav\u00ed a u\u017e se n\u00e1m tak\u00e9 nel\u00edb\u00ed t\u0159eba, co vl\u00e1da vymysl\u00ed, tak opravdu se n\u00e1m to prost\u011b l\u00edbit nebude a u\u017e ka\u017ed\u00fd \u010dlov\u011bk prost\u011b bude m\u00edt ty svoje n\u00e1zory. Ka\u017ed\u00fd m\u00e1 prost\u011b na v\u0161echno, hlavn\u011b na tu politiku, \u00fapln\u011b jin\u00fd n\u00e1zor a nikoho u\u017e to ani nebav\u00ed poslouchat. Proto\u017ee bu\u010f je to to sam\u00e9 dokola, nebo se prost\u011b absolutn\u011b nic ned\u011bje a v\u0161echno je stejn\u00e9. Prost\u011b pro \u017eivot by bylo dobr\u00e9, aby se m\u011bnilo mnoho v\u011bc\u00ed, proto\u017ee se nic nem\u011bn\u00ed a v\u0161echno je stejn\u00e9. Bylo by dobr\u00e9, kdyby se t\u0159eba zm\u011bnily a zv\u00fd\u0161ily i platy, a to nap\u0159\u00edklad opravdu t\u011bm lidem, kte\u0159\u00ed maj\u00ed t\u0159eba z\u00e1kladn\u00ed vzd\u011bl\u00e1n\u00ed nebo jsou pouze vyu\u010den\u00ed. Opravdu i ti lid\u00e9 si zaslou\u017e\u00ed \u017e\u00edt d\u016fstojn\u00fd \u017eivot a prost\u011b si zaslou\u017e\u00ed m\u00edt vy\u0161\u0161\u00ed plat, proto\u017ee b\u00fdt vyu\u010den a d\u011blat nap\u0159\u00edklad sv\u00e1\u0159e\u010de, nebo truhl\u00e1\u0159e, nebo \u0159ezn\u00edka, je opravdu tak velice n\u00e1ro\u010dn\u00e9, proto by m\u011bli b\u00fdt i tihle lid\u00e9 \u0159\u00e1dn\u011b ohodnocen\u00ed platov\u011b. Opravdu bychom prost\u011b m\u011bli se sna\u017eit \u0159e\u0161it ty d\u016fle\u017eit\u00e9 v\u011bci, kter\u00e9 jsou d\u016fle\u017eit\u00e9, a to opravdu nap\u0159\u00edklad zv\u00fd\u0161it plat, a bylo by fajn, kdyby opravdu vl\u00e1da ty platy t\u011bmto lidem v\u00edce do budoucna zv\u00fd\u0161ila.                                                                                                                                                                                                                                                                                                                                                                                        4\/5 - (5 votes)        I na politice z\u00e1le\u017e\u00edM\u016f\u017ee b\u00fdt politik v\u016fbec up\u0159\u00edmn\u00fd?Bezpe\u010dnostn\u00ed situace v Evrop\u011b"},{"@context":"https:\/\/schema.org\/","@type":"BreadcrumbList","itemListElement":[{"@type":"ListItem","position":1,"name":"Politika je neust\u00e1le na programu","item":"https:\/\/www.asimos.cz\/politika-je-neustale-na-programu\/#breadcrumbitem"}]}]