[{"@context":"https:\/\/schema.org\/","@type":"Article","@id":"https:\/\/www.asimos.cz\/pro-mnohe-je-nepredstavitelne-ze-by-nemeli-zahradu\/#Article","mainEntityOfPage":"https:\/\/www.asimos.cz\/pro-mnohe-je-nepredstavitelne-ze-by-nemeli-zahradu\/","headline":"Pro mnoh\u00e9 je nep\u0159edstaviteln\u00e9, \u017ee by nem\u011bli zahradu","name":"Pro mnoh\u00e9 je nep\u0159edstaviteln\u00e9, \u017ee by nem\u011bli zahradu","description":"Pokud si spousta lid\u00ed n\u011bco nedovede p\u0159edstavit, pak je to to, \u017ee by nem\u011bli zahradu. Jsou lid\u00e9, kte\u0159\u00ed zahradu ke sv\u00e9mu \u017eivotu pot\u0159ebuj\u00ed a to proto, \u017ee d\u00edky pr\u00e1ci na zahrad\u011b p\u0159ijdou na jin\u00e9 my\u0161lenky. Jsou lid\u00e9, kte\u0159\u00ed to maj\u00ed &hellip; ","datePublished":"2024-05-28","dateModified":"2024-06-04","author":{"@type":"Person","@id":"https:\/\/www.asimos.cz\/author\/devene\/#Person","name":"devene","url":"https:\/\/www.asimos.cz\/author\/devene\/","identifier":1,"image":{"@type":"ImageObject","@id":"https:\/\/secure.gravatar.com\/avatar\/e746f9a3ec3ffe02f5df809714d800d50faf9f4f5ba0a7962a5d8229603fd33b?s=96&d=mm&r=g","url":"https:\/\/secure.gravatar.com\/avatar\/e746f9a3ec3ffe02f5df809714d800d50faf9f4f5ba0a7962a5d8229603fd33b?s=96&d=mm&r=g","height":96,"width":96}},"publisher":{"@type":"Organization","name":"asimos.cz","logo":{"@type":"ImageObject","@id":"\/logo.png","url":"\/logo.png","width":600,"height":60}},"image":{"@type":"ImageObject","@id":"https:\/\/www.asimos.cz\/wp-content\/uploads\/snowdrop-6101818_640.jpg","url":"https:\/\/www.asimos.cz\/wp-content\/uploads\/snowdrop-6101818_640.jpg","height":0,"width":0},"url":"https:\/\/www.asimos.cz\/pro-mnohe-je-nepredstavitelne-ze-by-nemeli-zahradu\/","about":["D\u016fm a zahrada"],"wordCount":434,"articleBody":"Pokud si spousta lid\u00ed n\u011bco nedovede p\u0159edstavit, pak je to to, \u017ee by nem\u011bli zahradu. Jsou lid\u00e9, kte\u0159\u00ed zahradu ke sv\u00e9mu \u017eivotu pot\u0159ebuj\u00ed a to proto, \u017ee d\u00edky pr\u00e1ci na zahrad\u011b p\u0159ijdou na jin\u00e9 my\u0161lenky. Jsou lid\u00e9, kte\u0159\u00ed to maj\u00ed opravdu tak, \u017ee pokud maj\u00ed \u0161patnou n\u00e1ladu, jdou pracovat na zahradu a po ur\u010dit\u00e9m \u010dase se zase c\u00edt\u00ed dob\u0159e. N\u011bkte\u0159\u00ed n\u011bco takov\u00e9ho pova\u017euj\u00ed za velkou pomoc. Jsou lid\u00e9, kte\u0159\u00ed \u017eij\u00ed v\u00a0rodinn\u00e9m dom\u011b, ale zahradu maj\u00ed malou nebo j\u00ed nemaj\u00ed v\u016fbec. Pro mnoh\u00e9 je \u017eivot v\u00a0dom\u011b s\u00a0minim\u00e1ln\u00ed zahradou nebo \u00fapln\u011b bez zahrady no\u010dn\u00ed m\u016frou. Spousta lid\u00ed m\u00e1 za to, \u017ee kdy\u017e m\u00e1 \u010dlov\u011bk bydlet v\u00a0dom\u011b, m\u011bl by m\u00edt dan\u00fd d\u016fm alespo\u0148 n\u011bjakou zahradu. Pokud \u010dlov\u011bk zahradu nechce, je pro n\u011bj ide\u00e1ln\u00ed byt. Mnoho lid\u00ed to vid\u00ed pr\u00e1v\u011b takto. Existuj\u00ed ale domy, kter\u00e9 maj\u00ed minim\u00e1ln\u00ed zahradu. Najdou se lid\u00e9, kter\u00fdm n\u011bco takov\u00e9ho v\u016fbec nevad\u00ed a to proto, \u017ee s\u00a0danou zahradou nemaj\u00ed tolik pr\u00e1ce, jako ti, kte\u0159\u00ed maj\u00ed zahradu velk\u00fdch rozm\u011br\u016f. Ka\u017ed\u00fd \u010dlov\u011bk to m\u00e1 jinak. N\u011bkomu vyhovuje velk\u00e1 zahrada a n\u011bkomu zahrada minim\u00e1ln\u00ed. V\u00a0dne\u0161n\u00ed dob\u011b je to skute\u010dn\u011b o tom, \u017ee si \u010dlov\u011bk mus\u00ed naj\u00edt to, co mu bude nejv\u00edce vyhovovat. Ka\u017ed\u00fd \u010dlov\u011bk m\u00e1 jin\u00e9 p\u0159edstavy. N\u011bkdo m\u00e1 p\u0159edstavu, \u017ee str\u00e1v\u00ed cel\u00fd \u017eivot v\u00a0byt\u011b a n\u011bkdo m\u00e1 p\u0159edstavu, \u017ee zbytek sv\u00e9ho \u017eivota str\u00e1v\u00ed na dome\u010dku se zahradou.Je to opravdu r\u016fzn\u00e9. To, \u017ee se n\u011bkdo rozhodne pro d\u016fm, kter\u00fd m\u00e1 minim\u00e1ln\u00ed zahradu neznamen\u00e1, \u017ee byste se dan\u00e9mu \u010dlov\u011bku m\u011bli sna\u017eit n\u011bco takov\u00e9ho rozmluvit. Dan\u00fd \u010dlov\u011bk ur\u010dit\u011b moc dob\u0159e v\u00ed, co je pro n\u011bj t\u00edm nejvhodn\u011bj\u0161\u00ed. Ur\u010dit\u011b se najdou lid\u00e9, kte\u0159\u00ed se budou sna\u017eit \u010dlov\u011bku n\u011bco takov\u00e9ho rozmluvit, ale ud\u011blali by daleko l\u00e9pe, pokud by si sv\u016fj n\u00e1zor nechali sami pro sebe. Ka\u017ed\u00fd z\u00a0n\u00e1s by se m\u011bl rozhodnout pro to, co se mu zd\u00e1 nejlep\u0161\u00ed a nikdo z\u00a0n\u00e1s by nem\u011bl nechat druh\u00e9, aby za n\u011bj rozhodovali. Je d\u016fle\u017eit\u00e9, abyste byli vy t\u00edm, kdo bude maxim\u00e1ln\u011b spokojen\u00fd.                                                                                                                                                                                                                                                                                                                                                                                        4.7\/5 - (8 votes)        Hotov\u00fd d\u016fm za p\u00e1r t\u00fddn\u016fLuxusn\u00ed d\u016fm pro velkou rodinu"},{"@context":"https:\/\/schema.org\/","@type":"BreadcrumbList","itemListElement":[{"@type":"ListItem","position":1,"name":"Pro mnoh\u00e9 je nep\u0159edstaviteln\u00e9, \u017ee by nem\u011bli zahradu","item":"https:\/\/www.asimos.cz\/pro-mnohe-je-nepredstavitelne-ze-by-nemeli-zahradu\/#breadcrumbitem"}]}]