[{"@context":"https:\/\/schema.org\/","@type":"Article","@id":"https:\/\/www.asimos.cz\/zapomente-veskere-mazanice-vsadte-radeji-na-fotografie\/#Article","mainEntityOfPage":"https:\/\/www.asimos.cz\/zapomente-veskere-mazanice-vsadte-radeji-na-fotografie\/","headline":"Zapome\u0148te ve\u0161ker\u00e9 \u201emazanice\u201c, vsa\u010fte rad\u011bji na fotografie","name":"Zapome\u0148te ve\u0161ker\u00e9 \u201emazanice\u201c, vsa\u010fte rad\u011bji na fotografie","description":"Nen\u00ed asi velk\u00fdm p\u0159ekvapen\u00edm, \u017ee a\u017e b\u011b\u017en\u00fd \u010dlov\u011bk nen\u00ed schopen do pln\u00e9ho rozsahu ocenit kvalitu klasick\u00fdch maleb, kter\u00e9 jsou zhotovov\u00e1ny za pomoc\u00ed akvarel\u016f \u010di jin\u00e9ho mal\u00ed\u0159sk\u00e9ho n\u00e1\u010din\u00ed. Vysok\u00e9 mal\u00ed\u0159sk\u00e9 um\u011bn\u00ed jednodu\u0161e nen\u00ed pro ka\u017ed\u00e9ho. Na rozd\u00edl od vizu\u00e1ln\u00edho ztv\u00e1rn\u011bn\u00ed motiv\u016f, &hellip; ","datePublished":"2025-01-20","dateModified":"2025-01-20","author":{"@type":"Person","@id":"https:\/\/www.asimos.cz\/author\/devene\/#Person","name":"devene","url":"https:\/\/www.asimos.cz\/author\/devene\/","identifier":1,"image":{"@type":"ImageObject","@id":"https:\/\/secure.gravatar.com\/avatar\/e746f9a3ec3ffe02f5df809714d800d50faf9f4f5ba0a7962a5d8229603fd33b?s=96&d=mm&r=g","url":"https:\/\/secure.gravatar.com\/avatar\/e746f9a3ec3ffe02f5df809714d800d50faf9f4f5ba0a7962a5d8229603fd33b?s=96&d=mm&r=g","height":96,"width":96}},"publisher":{"@type":"Organization","name":"asimos.cz","logo":{"@type":"ImageObject","@id":"\/logo.png","url":"\/logo.png","width":600,"height":60}},"url":"https:\/\/www.asimos.cz\/zapomente-veskere-mazanice-vsadte-radeji-na-fotografie\/","wordCount":165,"articleBody":"Nen\u00ed asi velk\u00fdm p\u0159ekvapen\u00edm, \u017ee a\u017e b\u011b\u017en\u00fd \u010dlov\u011bk nen\u00ed schopen do pln\u00e9ho rozsahu ocenit kvalitu klasick\u00fdch maleb, kter\u00e9 jsou zhotovov\u00e1ny za pomoc\u00ed akvarel\u016f \u010di jin\u00e9ho mal\u00ed\u0159sk\u00e9ho n\u00e1\u010din\u00ed. Vysok\u00e9 mal\u00ed\u0159sk\u00e9 um\u011bn\u00ed jednodu\u0161e nen\u00ed pro ka\u017ed\u00e9ho. Na rozd\u00edl od vizu\u00e1ln\u00edho ztv\u00e1rn\u011bn\u00ed motiv\u016f, kter\u00e9 poskytujeme z\u00e1jemc\u016fm my, a to formou obraz\u016f na pl\u00e1tn\u011b. Jste-li nad\u0161en\u00fdmi fanou\u0161ky fotografick\u00e9ho um\u011bn\u00ed Takto zhotovovan\u00e9 obrazy vznikaj\u00ed z prvotn\u00edho fotografick\u00e9ho impulzu, kter\u00fd ve sv\u00e9 kone\u010dn\u00e9 f\u00e1zi vypad\u00e1 jako fotografick\u00fd sn\u00edmek. Z takov\u00e9ho sn\u00edmku jsme schopni vytvo\u0159it doslova um\u011bleck\u00e9 d\u00edlo, kter\u00e9 V\u00e1m pak m\u016f\u017ee viset v lo\u017enici, kuchyni, \u010di nap\u0159\u00edklad i d\u011btsk\u00e9m pokoji \u010di ob\u00fdv\u00e1ku a d\u011blat dojem nejen pro V\u00e1s samotn\u00e9, ale tak\u00e9 pro p\u0159\u00edpadn\u00e9 n\u00e1v\u0161t\u011bvn\u00edky.                                                                                                                                                                                                                                                                                                                                                                                        4\/5 - (2 votes)        "},{"@context":"https:\/\/schema.org\/","@type":"BreadcrumbList","itemListElement":[{"@type":"ListItem","position":1,"name":"Zapome\u0148te ve\u0161ker\u00e9 \u201emazanice\u201c, vsa\u010fte rad\u011bji na fotografie","item":"https:\/\/www.asimos.cz\/zapomente-veskere-mazanice-vsadte-radeji-na-fotografie\/#breadcrumbitem"}]}]