[{"@context":"https:\/\/schema.org\/","@type":"Article","@id":"https:\/\/www.asimos.cz\/zla-laska\/#Article","mainEntityOfPage":"https:\/\/www.asimos.cz\/zla-laska\/","headline":"Zl\u00e1 l\u00e1ska","name":"Zl\u00e1 l\u00e1ska","description":"Bez l\u00e1sky se prost\u011b \u017e\u00edt ned\u00e1, takhle to alespo\u0148 \u0159\u00edk\u00e1 m\u016fj bratr. M\u016fj bratr je opravdu hodn\u011b romantick\u00fd kluk, abych se p\u0159iznala tak v\u00edce romantick\u00e9ho kluka, nebo mu\u017ee v\u016fbec nezn\u00e1m v\u016fbec nech\u00e1pu, kde se to v m\u00e9m bratru bere, \u017ee &hellip; ","datePublished":"2024-02-28","dateModified":"2024-02-28","author":{"@type":"Person","@id":"https:\/\/www.asimos.cz\/author\/devene\/#Person","name":"devene","url":"https:\/\/www.asimos.cz\/author\/devene\/","identifier":1,"image":{"@type":"ImageObject","@id":"https:\/\/secure.gravatar.com\/avatar\/e746f9a3ec3ffe02f5df809714d800d50faf9f4f5ba0a7962a5d8229603fd33b?s=96&d=mm&r=g","url":"https:\/\/secure.gravatar.com\/avatar\/e746f9a3ec3ffe02f5df809714d800d50faf9f4f5ba0a7962a5d8229603fd33b?s=96&d=mm&r=g","height":96,"width":96}},"publisher":{"@type":"Organization","name":"asimos.cz","logo":{"@type":"ImageObject","@id":"\/logo.png","url":"\/logo.png","width":600,"height":60}},"image":{"@type":"ImageObject","@id":"https:\/\/www.asimos.cz\/wp-content\/uploads\/snow-white-1478804_1280.jpg","url":"https:\/\/www.asimos.cz\/wp-content\/uploads\/snow-white-1478804_1280.jpg","height":0,"width":0},"url":"https:\/\/www.asimos.cz\/zla-laska\/","about":["L\u00e1ska"],"wordCount":429,"articleBody":"Bez l\u00e1sky se prost\u011b \u017e\u00edt ned\u00e1, takhle to alespo\u0148 \u0159\u00edk\u00e1 m\u016fj bratr. M\u016fj bratr je opravdu hodn\u011b romantick\u00fd kluk, abych se p\u0159iznala tak v\u00edce romantick\u00e9ho kluka, nebo mu\u017ee v\u016fbec nezn\u00e1m v\u016fbec nech\u00e1pu, kde se to v m\u00e9m bratru bere, \u017ee je opravdu hodn\u011b tak romantick\u00fd. A kdybyste vid\u011bli, nebo sly\u0161eli, kolik holek pr\u00e1v\u011b m\u00e9ho bratra chce m\u00edt za partnera, tak byste se asi zbl\u00e1znili\u00a0nebo byste se chytali za hlavu. Mysleli byste si, \u017ee tohle nen\u00ed v\u016fbec mo\u017en\u00e9.\u00a0\u017de je nemo\u017en\u00e9, aby tolik holek cht\u011blo jednoho\u00a0kluka tedy m\u00e9ho bratra. Ale m\u016fj bratr si toho cen\u00ed a je pr\u00fd za to r\u00e1d, ale bratr \u0159ekl, \u017ee pr\u00fd by ji v\u016fbec toho\u00a0nikdy nevyu\u017eil, \u017ee pr\u00fd chce m\u00edt partnerku na cel\u00fd \u017eivot, ale \u017ee je to velice slo\u017eit\u00e9 naj\u00edt n\u011bjakou kr\u00e1snou, a hlavn\u011b hodnou a milou inteligentn\u00ed partnerku. A j\u00e1 s bratrem ho mus\u00edm samoz\u0159ejm\u011b souhlasit, proto\u017ee j\u00e1 tak\u00e9 hled\u00e1m n\u011bjak\u00e9ho partnera, kter\u00fd by se ke mn\u011b hodil, ale bohu\u017eel tak\u00e9 nemohu nikoho naj\u00edt. Byla jsem dvakr\u00e1t zklaman\u00e1 z l\u00e1sky a st\u00e1le m\u011b z toho bol\u00ed srdce. A jak jste na tom byli vy? Za\u017eili jste u\u017e n\u011bjakou bolestivou l\u00e1sku? Takovou l\u00e1sku, ze kter\u00e9 jste byli opravdu zklaman\u00ed a bre\u010deli jste n\u011bkolik m\u011bs\u00edc\u016f doma ve\u010der do pol\u0161t\u00e1\u0159e? Pokud ano, tak je to vlastn\u011b v po\u0159\u00e1dku, proto\u017ee se \u0159\u00edk\u00e1, \u017ee ka\u017ed\u00fd \u010dlov\u011bk v\u017edycky n\u011bkdy ve sv\u00e9m \u017eivot\u011b za\u017eije jednu\u00a0nebo dv\u011b\u00a0velik\u00e9 l\u00e1sky, kter\u00e9 ale skon\u010d\u00ed v\u017edycky \u0161patn\u011b. Ne ka\u017ed\u00e1 l\u00e1ska v\u017edycky kon\u010d\u00ed opravdu svatbou anebo \u0161\u0165astn\u00fdm \u017eivotem a\u017e do smrti. Bohu\u017eel u\u017e to takhle je, i kdy\u017e nikomu nep\u0159eji smutnou a ne\u0161\u0165astnou l\u00e1sku. Ale bohu\u017eel se tohle st\u00e1v\u00e1 a v posledn\u00ed dob\u011b se to pr\u00fd st\u00e1v\u00e1 velice \u010dasto, alespo\u0148 tohle \u0159ekla moje sestra. Moje sestra se pr\u00e1v\u011b rozv\u00e1d\u00ed se sv\u00fdm man\u017eelem. Man\u017eel\u00e9 byli \u0161est\u00a0let a \u0159\u00edk\u00e1, \u017ee posledn\u00ed dva\u00a0roky jim to pr\u00fd v\u016fbec neklape. Dokonce pr\u00fd sv\u00e9ho partnera podez\u0159\u00edv\u00e1 z nev\u011bry. A tohle se mi v\u016fbec nel\u00edb\u00ed, je to velmi \u0161patn\u00e9.\u00a0                                                                                                                                                                                                                                                                                                                                                                                        4\/5 - (6 votes)        S l\u00e1skou to v\u017edy nemus\u00ed dopadnout podle na\u0161ich p\u0159edstavSt\u00e1le j\u00edt d\u00e1l"},{"@context":"https:\/\/schema.org\/","@type":"BreadcrumbList","itemListElement":[{"@type":"ListItem","position":1,"name":"Zl\u00e1 l\u00e1ska","item":"https:\/\/www.asimos.cz\/zla-laska\/#breadcrumbitem"}]}]