[{"@context":"https:\/\/schema.org\/","@type":"Article","@id":"https:\/\/www.asimos.cz\/zmena-je-zivot\/#Article","mainEntityOfPage":"https:\/\/www.asimos.cz\/zmena-je-zivot\/","headline":"Zm\u011bna je \u017eivot","name":"Zm\u011bna je \u017eivot","description":"Mo\u017en\u00e1 pr\u00e1v\u011b Vy m\u00e1te doma d\u011bti, kter\u00e9 rostou velmi rychle. Ani se nenad\u011bjete a z mal\u00e9ho batolete je \u0161kol\u00e1k. V\u011bt\u0161inou m\u00edvaj\u00ed d\u011bti sv\u016fj pokoj\u00edk, kter\u00fd mnohdy sd\u00edl\u00ed se sv\u00fdm sourozencem. Je zcela p\u0159irozen\u00e9, \u017ee mal\u00e9 d\u00edtko, kter\u00e9 teprve nav\u0161t\u011bvuje mate\u0159skou &hellip; ","datePublished":"2023-05-24","dateModified":"2024-05-27","author":{"@type":"Person","@id":"https:\/\/www.asimos.cz\/author\/devene\/#Person","name":"devene","url":"https:\/\/www.asimos.cz\/author\/devene\/","identifier":1,"image":{"@type":"ImageObject","@id":"https:\/\/secure.gravatar.com\/avatar\/e746f9a3ec3ffe02f5df809714d800d50faf9f4f5ba0a7962a5d8229603fd33b?s=96&d=mm&r=g","url":"https:\/\/secure.gravatar.com\/avatar\/e746f9a3ec3ffe02f5df809714d800d50faf9f4f5ba0a7962a5d8229603fd33b?s=96&d=mm&r=g","height":96,"width":96}},"publisher":{"@type":"Organization","name":"asimos.cz","logo":{"@type":"ImageObject","@id":"\/logo.png","url":"\/logo.png","width":600,"height":60}},"url":"https:\/\/www.asimos.cz\/zmena-je-zivot\/","wordCount":280,"articleBody":"Mo\u017en\u00e1 pr\u00e1v\u011b Vy m\u00e1te doma d\u011bti, kter\u00e9 rostou velmi rychle. Ani se nenad\u011bjete a z mal\u00e9ho batolete je \u0161kol\u00e1k. V\u011bt\u0161inou m\u00edvaj\u00ed d\u011bti sv\u016fj pokoj\u00edk, kter\u00fd mnohdy sd\u00edl\u00ed se sv\u00fdm sourozencem. Je zcela p\u0159irozen\u00e9, \u017ee mal\u00e9 d\u00edtko, kter\u00e9 teprve nav\u0161t\u011bvuje mate\u0159skou \u0161kolku, m\u00e1 zcela jin\u00e9 po\u017eadavky na vybaven\u00ed pokoje ne\u017e dosp\u00edvaj\u00edc\u00ed student st\u0159edn\u00ed \u0161koly. V jistou chv\u00edli si v\u011bt\u0161ina rodi\u010d\u016f uv\u011bdom\u00ed, \u017ee vybaven\u00ed d\u011btsk\u00e9ho pokoje by cht\u011blo z\u00e1sadn\u00ed zm\u011bnu, \u017ee ji\u017e neodpov\u00edd\u00e1 n\u00e1rok\u016fm d\u00edt\u011bte. A pokud je d\u011bt\u00ed v pokoj\u00edku v\u00edce, je zm\u011bna o to t\u011b\u017e\u0161\u00ed, jak za\u0159\u00eddit prostor nov\u011b, tak aby pln\u011b vyhovoval? Neberte si tento t\u011b\u017ek\u00fd \u00fakol na sv\u00e1 bedra, vyu\u017eijte na\u0161ich slu\u017eeb.\tBudeme V\u00e1m naslouchatJde-li o n\u00e1vrhy interi\u00e9r\u016f Hradec Kr\u00e1lov\u00e9, t\u011b\u017eko byste na\u0161li n\u011bkoho, kdo v\u00edce db\u00e1 na osobn\u00ed p\u0159\u00edstup, o nutn\u00e9 vz\u00e1jemn\u00e9 souzn\u011bn\u00ed. P\u0159ijedeme a\u017e za V\u00e1mi na prvn\u00ed nez\u00e1vaznou sch\u016fzku. Pokud chcete za\u0159\u00eddit pr\u00e1v\u011b jen jeden pokoj, nev\u00e1hejte a obra\u0165te se na n\u00e1s i v tomto p\u0159\u00edpad\u011b. Budeme bedliv\u011b poslouchat V\u00e1s i Va\u0161e d\u011bti, jak\u00fd pokoj by se jim l\u00edbil, co v n\u011bm cht\u011bj\u00ed, co v n\u011bm pot\u0159ebuj\u00ed, budou m\u00edt na v\u0161e dost m\u00edsta a p\u0159itom pokoj bude tak snadn\u00fd uklidit. A to v\u0161e od projektu a\u017e k realizaci za dostupnou cenu.                                                                                                                                                                                                                                                                                                                                                                                        4\/5 - (7 votes)        "},{"@context":"https:\/\/schema.org\/","@type":"BreadcrumbList","itemListElement":[{"@type":"ListItem","position":1,"name":"Zm\u011bna je \u017eivot","item":"https:\/\/www.asimos.cz\/zmena-je-zivot\/#breadcrumbitem"}]}]